{"id":7072,"date":"2026-06-11T18:18:58","date_gmt":"2026-06-11T16:18:58","guid":{"rendered":"https:\/\/agora.xtec.cat\/instarragona\/?p=7072"},"modified":"2026-06-11T18:20:34","modified_gmt":"2026-06-11T16:20:34","slug":"visita-a-la-cartoixa-descaladei","status":"publish","type":"post","link":"https:\/\/agora.xtec.cat\/instarragona\/eso\/eso-2\/visita-a-la-cartoixa-descaladei\/","title":{"rendered":"Visita a la Cartoixa d&#8217;Escaladei"},"content":{"rendered":"<p class=\"isSelectedEnd\">L&#8217;alumnat de 2n de batxillerat, despr\u00e9s de treballar durant tot el 3r trimestre en el projecte de socials, i de viure amb tanta emoci\u00f3 l&#8217;<a href=\"https:\/\/agora.xtec.cat\/instarragona\/eso\/descobrim-la-cartoixa-descaladei-amb-realitat-virtual\/\" target=\"_blank\" rel=\"noopener\">activitat de realitat virtual<\/a> sobre la Cartoixa d&#8217;Escaladei, l&#8217;alumnat va tenir l&#8217;oportunitat de visitar<em> in situ<\/em> aquest emblem\u00e0tic monument del Priorat.<\/p>\n<p>La sortida va permetre con\u00e8ixer de primera m\u00e0 els espais que hav\u00edem estudiat i recreat virtualment, aix\u00ed com aprofundir en la hist\u00f2ria i el patrimoni de la primera cartoixa de la pen\u00ednsula Ib\u00e8rica. Durant la visita, els alumnes van poder relacionar els continguts treballats a l&#8217;aula amb l&#8217;entorn real, fent que l&#8217;experi\u00e8ncia fos molt enriquidora i significativa.<\/p>\n<p style=\"text-align: center;\"><img loading=\"lazy\" decoding=\"async\" class=\"aligncenter size-full wp-image-7073\" src=\"https:\/\/agora.xtec.cat\/instarragona\/wp-content\/uploads\/usu484\/2026\/06\/2.png\" alt=\"\" width=\"901\" height=\"675\" srcset=\"https:\/\/agora.xtec.cat\/instarragona\/wp-content\/uploads\/usu484\/2026\/06\/2.png 901w, https:\/\/agora.xtec.cat\/instarragona\/wp-content\/uploads\/usu484\/2026\/06\/2-300x225.png 300w, https:\/\/agora.xtec.cat\/instarragona\/wp-content\/uploads\/usu484\/2026\/06\/2-768x575.png 768w, https:\/\/agora.xtec.cat\/instarragona\/wp-content\/uploads\/usu484\/2026\/06\/2-200x150.png 200w\" sizes=\"auto, (max-width: 901px) 100vw, 901px\" \/><\/p>\n<p style=\"text-align: center;\"><img loading=\"lazy\" decoding=\"async\" class=\"aligncenter size-full wp-image-7074\" src=\"https:\/\/agora.xtec.cat\/instarragona\/wp-content\/uploads\/usu484\/2026\/06\/Captura-3.png\" alt=\"\" width=\"904\" height=\"685\" srcset=\"https:\/\/agora.xtec.cat\/instarragona\/wp-content\/uploads\/usu484\/2026\/06\/Captura-3.png 904w, https:\/\/agora.xtec.cat\/instarragona\/wp-content\/uploads\/usu484\/2026\/06\/Captura-3-300x227.png 300w, https:\/\/agora.xtec.cat\/instarragona\/wp-content\/uploads\/usu484\/2026\/06\/Captura-3-768x582.png 768w\" sizes=\"auto, (max-width: 904px) 100vw, 904px\" \/><\/p>\n<p>Totes les fotos <a href=\"https:\/\/drive.google.com\/drive\/folders\/1DPsGZgLW1uQ6rE1cED2Br58p3upv0x0l?usp=drive_link\" target=\"_blank\" rel=\"noopener\"><strong>aqu\u00ed<\/strong> <\/a>mateix.<\/p>\n","protected":false},"excerpt":{"rendered":"<p>L&#8217;alumnat de 2n de batxillerat, despr\u00e9s de treballar durant tot el 3r trimestre en el projecte de socials, i de viure amb tanta emoci\u00f3 l&#8217;<a href=\"https:\/\/agora.xtec.cat\/instarragona\/eso\/descobrim-la-cartoixa-descaladei-amb-realitat-virtual\/\" target=\"_blank\" rel=\"noopener\">activitat de realitat virtual<\/a> sobre la Cartoixa d&#8217;Escaladei, l&#8217;alumnat va tenir l&#8217;oportunitat de visitar in situ aquest emblem\u00e0tic&hellip;  <a href=\"https:\/\/agora.xtec.cat\/instarragona\/eso\/eso-2\/visita-a-la-cartoixa-descaladei\/\" title=\"Read Visita a la Cartoixa d&#8217;Escaladei\">Llegeix m\u00e9s\u00bb<\/a><\/p>\n","protected":false},"author":1,"featured_media":7074,"comment_status":"open","ping_status":"open","sticky":false,"template":"","format":"standard","meta":{"_bbp_topic_count":0,"_bbp_reply_count":0,"_bbp_total_topic_count":0,"_bbp_total_reply_count":0,"_bbp_voice_count":0,"_bbp_anonymous_reply_count":0,"_bbp_topic_count_hidden":0,"_bbp_reply_count_hidden":0,"_bbp_forum_subforum_count":0,"footnotes":""},"categories":[5,29],"tags":[99,120,39],"class_list":["post-7072","post","type-post","status-publish","format-standard","has-post-thumbnail","hentry","category-eso-2","category-portada","tag-projectes","tag-socials","tag-sortides"],"post_mailing_queue_ids":[],"_links":{"self":[{"href":"https:\/\/agora.xtec.cat\/instarragona\/wp-json\/wp\/v2\/posts\/7072","targetHints":{"allow":["GET"]}}],"collection":[{"href":"https:\/\/agora.xtec.cat\/instarragona\/wp-json\/wp\/v2\/posts"}],"about":[{"href":"https:\/\/agora.xtec.cat\/instarragona\/wp-json\/wp\/v2\/types\/post"}],"author":[{"embeddable":true,"href":"https:\/\/agora.xtec.cat\/instarragona\/wp-json\/wp\/v2\/users\/1"}],"replies":[{"embeddable":true,"href":"https:\/\/agora.xtec.cat\/instarragona\/wp-json\/wp\/v2\/comments?post=7072"}],"version-history":[{"count":2,"href":"https:\/\/agora.xtec.cat\/instarragona\/wp-json\/wp\/v2\/posts\/7072\/revisions"}],"predecessor-version":[{"id":7076,"href":"https:\/\/agora.xtec.cat\/instarragona\/wp-json\/wp\/v2\/posts\/7072\/revisions\/7076"}],"wp:featuredmedia":[{"embeddable":true,"href":"https:\/\/agora.xtec.cat\/instarragona\/wp-json\/wp\/v2\/media\/7074"}],"wp:attachment":[{"href":"https:\/\/agora.xtec.cat\/instarragona\/wp-json\/wp\/v2\/media?parent=7072"}],"wp:term":[{"taxonomy":"category","embeddable":true,"href":"https:\/\/agora.xtec.cat\/instarragona\/wp-json\/wp\/v2\/categories?post=7072"},{"taxonomy":"post_tag","embeddable":true,"href":"https:\/\/agora.xtec.cat\/instarragona\/wp-json\/wp\/v2\/tags?post=7072"}],"curies":[{"name":"wp","href":"https:\/\/api.w.org\/{rel}","templated":true}]}}