{"id":6966,"date":"2026-04-30T14:25:28","date_gmt":"2026-04-30T12:25:28","guid":{"rendered":"https:\/\/agora.xtec.cat\/instarragona\/?p=6966"},"modified":"2026-04-30T14:25:28","modified_gmt":"2026-04-30T12:25:28","slug":"sinaugura-el-plafo-veus-de-dona-durant-la-diada-de-s-jordi","status":"publish","type":"post","link":"https:\/\/agora.xtec.cat\/instarragona\/portada\/sinaugura-el-plafo-veus-de-dona-durant-la-diada-de-s-jordi\/","title":{"rendered":"S&#8217;inaugura el plaf\u00f3 Veus de Dona durant la Diada de S. Jordi"},"content":{"rendered":"<p dir=\"ltr\">El 23 d\u2019abril, durant la celebraci\u00f3 de la Diada de Sant Jordi, es va inaugurar el plaf\u00f3 del grup de treball de <strong>Veus de Dona a Tarragona<\/strong> al costat de la biblioteca del centre. El plaf\u00f3 cont\u00e9 la poesia \u201cObservar\u201d de la poeta Roser Guasch Bea, una de les tretze poetes del grup de treball. La directora de l\u2019Institut Tarragona, Marta Vallinoto, va obrir l&#8217;acte amb unes paraules de reconeixement a l\u2019escriptora i professora del centre, Roser Guasch Bea, i, seguidament, la poeta va recitar el seu poema i va adre\u00e7ar unes paraules d\u2019agra\u00efment als alumnes i professors assistents a l\u2019acte.<\/p>\n<p dir=\"ltr\">Veus de Dona a Tarragona \u00e9s un grup de treball format per professorat de l&#8217;institut AMF, INS de Constant\u00ed (centre coordinador), INS Tarragona, INS Pons d&#8217;Icart, INS Ramon de la Torre i l&#8217;EOIT, entre altres professors de centres de secund\u00e0ria i alumnat universitari. Aquest grup de treball compta amb un Ajut Pont per part del Consell Social de la URV des del curs 2020-21. Veus de Dona a Tarragona pret\u00e9n visibilitzar les escriptores que han literaturitzat la ciutat entre l&#8217;alumnat i la ciutadania en general a partir de les rutes liter\u00e0ries i altres actes de difusi\u00f3 juntament amb l&#8217;APELLC, URV, Women&#8217;s Legacy, Casa de les Lletres, Ajuntament de Tarragona, Geografies liter\u00e0ries, Espais Escrits, PEE,&#8230;<\/p>\n<p dir=\"ltr\">El plaf\u00f3 s\u2019ha col\u00b7locat al costat de la biblioteca i \u00e9s testimoni de la p\u00e0gina <a href=\"http:\/\/ja.cat\/veusdedona\" target=\"_blank\" rel=\"noopener\" data-saferedirecturl=\"https:\/\/www.google.com\/url?q=http:\/\/ja.cat\/veusdedona&amp;source=gmail&amp;ust=1777636859413000&amp;usg=AOvVaw0f1JyDnffglvVEpJvttngf\">ja.cat\/veusdedona<\/a>. Alhora simbolitza el reconeixement de la feina feta per tot un conjunt de professionals que fan de la literatura una eina innovadora d&#8217;aprenentatge i una eina de patrimonialitzaci\u00f3 del territori.<\/p>\n<p dir=\"ltr\" style=\"text-align: center;\"><img loading=\"lazy\" decoding=\"async\" class=\"aligncenter size-full wp-image-6968\" src=\"https:\/\/agora.xtec.cat\/instarragona\/wp-content\/uploads\/usu484\/2026\/04\/1777551731983.jpg\" alt=\"\" width=\"1080\" height=\"683\" srcset=\"https:\/\/agora.xtec.cat\/instarragona\/wp-content\/uploads\/usu484\/2026\/04\/1777551731983.jpg 1080w, https:\/\/agora.xtec.cat\/instarragona\/wp-content\/uploads\/usu484\/2026\/04\/1777551731983-300x190.jpg 300w, https:\/\/agora.xtec.cat\/instarragona\/wp-content\/uploads\/usu484\/2026\/04\/1777551731983-1024x648.jpg 1024w, https:\/\/agora.xtec.cat\/instarragona\/wp-content\/uploads\/usu484\/2026\/04\/1777551731983-768x486.jpg 768w\" sizes=\"auto, (max-width: 1080px) 100vw, 1080px\" \/><\/p>\n","protected":false},"excerpt":{"rendered":"<p>El 23 d\u2019abril, durant la celebraci\u00f3 de la Diada de Sant Jordi, es va inaugurar el plaf\u00f3 del grup de treball de Veus de Dona a Tarragona al costat de la biblioteca del centre. El plaf\u00f3 cont\u00e9 la poesia \u201cObservar\u201d de la poeta Roser Guasch&hellip;  <a href=\"https:\/\/agora.xtec.cat\/instarragona\/portada\/sinaugura-el-plafo-veus-de-dona-durant-la-diada-de-s-jordi\/\" title=\"Read S&#8217;inaugura el plaf\u00f3 Veus de Dona durant la Diada de S. Jordi\">Llegeix m\u00e9s\u00bb<\/a><\/p>\n","protected":false},"author":1,"featured_media":6967,"comment_status":"open","ping_status":"open","sticky":false,"template":"","format":"standard","meta":{"_bbp_topic_count":0,"_bbp_reply_count":0,"_bbp_total_topic_count":0,"_bbp_total_reply_count":0,"_bbp_voice_count":0,"_bbp_anonymous_reply_count":0,"_bbp_topic_count_hidden":0,"_bbp_reply_count_hidden":0,"_bbp_forum_subforum_count":0,"footnotes":""},"categories":[29],"tags":[119,97],"class_list":["post-6966","post","type-post","status-publish","format-standard","has-post-thumbnail","hentry","category-portada","tag-catala","tag-festes-i-activitats"],"post_mailing_queue_ids":[],"_links":{"self":[{"href":"https:\/\/agora.xtec.cat\/instarragona\/wp-json\/wp\/v2\/posts\/6966","targetHints":{"allow":["GET"]}}],"collection":[{"href":"https:\/\/agora.xtec.cat\/instarragona\/wp-json\/wp\/v2\/posts"}],"about":[{"href":"https:\/\/agora.xtec.cat\/instarragona\/wp-json\/wp\/v2\/types\/post"}],"author":[{"embeddable":true,"href":"https:\/\/agora.xtec.cat\/instarragona\/wp-json\/wp\/v2\/users\/1"}],"replies":[{"embeddable":true,"href":"https:\/\/agora.xtec.cat\/instarragona\/wp-json\/wp\/v2\/comments?post=6966"}],"version-history":[{"count":1,"href":"https:\/\/agora.xtec.cat\/instarragona\/wp-json\/wp\/v2\/posts\/6966\/revisions"}],"predecessor-version":[{"id":6969,"href":"https:\/\/agora.xtec.cat\/instarragona\/wp-json\/wp\/v2\/posts\/6966\/revisions\/6969"}],"wp:featuredmedia":[{"embeddable":true,"href":"https:\/\/agora.xtec.cat\/instarragona\/wp-json\/wp\/v2\/media\/6967"}],"wp:attachment":[{"href":"https:\/\/agora.xtec.cat\/instarragona\/wp-json\/wp\/v2\/media?parent=6966"}],"wp:term":[{"taxonomy":"category","embeddable":true,"href":"https:\/\/agora.xtec.cat\/instarragona\/wp-json\/wp\/v2\/categories?post=6966"},{"taxonomy":"post_tag","embeddable":true,"href":"https:\/\/agora.xtec.cat\/instarragona\/wp-json\/wp\/v2\/tags?post=6966"}],"curies":[{"name":"wp","href":"https:\/\/api.w.org\/{rel}","templated":true}]}}