{"id":6946,"date":"2026-04-27T10:41:00","date_gmt":"2026-04-27T08:41:00","guid":{"rendered":"https:\/\/agora.xtec.cat\/instarragona\/?p=6946"},"modified":"2026-04-27T10:42:38","modified_gmt":"2026-04-27T08:42:38","slug":"sant-jordi-2026","status":"publish","type":"post","link":"https:\/\/agora.xtec.cat\/instarragona\/portada\/sant-jordi-2026\/","title":{"rendered":"Sant Jordi 2026"},"content":{"rendered":"<p>A l\u2019Institut Tarragona vam passar una molt bona diada de Sant Jordi plena de lectura, creativitat, il\u00b7lusi\u00f3, premis i&#8230; molta m\u00fasica. Moltes gr\u00e0cies a tots els participants i felicitats als guanyadors pels vostres escrits de prosa i poesia en catal\u00e0, castell\u00e0 i lleng\u00fces estrangeres.<\/p>\n<p>Totes les <a href=\"https:\/\/drive.google.com\/drive\/folders\/1oSmJ8JtPR1oG71ascngNyDQENl8aw-dS?usp=drive_link\" target=\"_blank\" rel=\"noopener\"><strong>imatges<\/strong> <\/a>de la jornada.<\/p>\n<p><img loading=\"lazy\" decoding=\"async\" class=\"aligncenter size-full wp-image-6948\" src=\"https:\/\/agora.xtec.cat\/instarragona\/wp-content\/uploads\/usu484\/2026\/04\/4.png\" alt=\"\" width=\"1018\" height=\"655\" srcset=\"https:\/\/agora.xtec.cat\/instarragona\/wp-content\/uploads\/usu484\/2026\/04\/4.png 1018w, https:\/\/agora.xtec.cat\/instarragona\/wp-content\/uploads\/usu484\/2026\/04\/4-300x193.png 300w, https:\/\/agora.xtec.cat\/instarragona\/wp-content\/uploads\/usu484\/2026\/04\/4-768x494.png 768w\" sizes=\"auto, (max-width: 1018px) 100vw, 1018px\" \/><\/p>\n<p><img loading=\"lazy\" decoding=\"async\" class=\"aligncenter size-full wp-image-6947\" src=\"https:\/\/agora.xtec.cat\/instarragona\/wp-content\/uploads\/usu484\/2026\/04\/3.png\" alt=\"\" width=\"1024\" height=\"663\" srcset=\"https:\/\/agora.xtec.cat\/instarragona\/wp-content\/uploads\/usu484\/2026\/04\/3.png 1024w, https:\/\/agora.xtec.cat\/instarragona\/wp-content\/uploads\/usu484\/2026\/04\/3-300x194.png 300w, https:\/\/agora.xtec.cat\/instarragona\/wp-content\/uploads\/usu484\/2026\/04\/3-768x497.png 768w\" sizes=\"auto, (max-width: 1024px) 100vw, 1024px\" \/><\/p>\n<p><img loading=\"lazy\" decoding=\"async\" class=\"aligncenter size-full wp-image-6949\" src=\"https:\/\/agora.xtec.cat\/instarragona\/wp-content\/uploads\/usu484\/2026\/04\/Captura-10.png\" alt=\"\" width=\"1024\" height=\"669\" srcset=\"https:\/\/agora.xtec.cat\/instarragona\/wp-content\/uploads\/usu484\/2026\/04\/Captura-10.png 1024w, https:\/\/agora.xtec.cat\/instarragona\/wp-content\/uploads\/usu484\/2026\/04\/Captura-10-300x196.png 300w, https:\/\/agora.xtec.cat\/instarragona\/wp-content\/uploads\/usu484\/2026\/04\/Captura-10-768x502.png 768w\" sizes=\"auto, (max-width: 1024px) 100vw, 1024px\" \/><\/p>\n<p><img loading=\"lazy\" decoding=\"async\" class=\"aligncenter size-full wp-image-6950\" src=\"https:\/\/agora.xtec.cat\/instarragona\/wp-content\/uploads\/usu484\/2026\/04\/Captura2-1.png\" alt=\"\" width=\"1007\" height=\"669\" srcset=\"https:\/\/agora.xtec.cat\/instarragona\/wp-content\/uploads\/usu484\/2026\/04\/Captura2-1.png 1007w, https:\/\/agora.xtec.cat\/instarragona\/wp-content\/uploads\/usu484\/2026\/04\/Captura2-1-300x199.png 300w, https:\/\/agora.xtec.cat\/instarragona\/wp-content\/uploads\/usu484\/2026\/04\/Captura2-1-768x510.png 768w\" sizes=\"auto, (max-width: 1007px) 100vw, 1007px\" \/><\/p>\n","protected":false},"excerpt":{"rendered":"<p>A l\u2019Institut Tarragona vam passar una molt bona diada de Sant Jordi plena de lectura, creativitat, il\u00b7lusi\u00f3, premis i&#8230; molta m\u00fasica. Moltes gr\u00e0cies a tots els participants i felicitats als guanyadors pels vostres escrits de prosa i poesia en catal\u00e0, castell\u00e0 i lleng\u00fces estrangeres.<br \/>\nTotes les&hellip;  <a href=\"https:\/\/agora.xtec.cat\/instarragona\/portada\/sant-jordi-2026\/\" title=\"Read Sant Jordi 2026\">Llegeix m\u00e9s\u00bb<\/a><\/p>\n","protected":false},"author":1,"featured_media":6948,"comment_status":"open","ping_status":"open","sticky":false,"template":"","format":"standard","meta":{"_bbp_topic_count":0,"_bbp_reply_count":0,"_bbp_total_topic_count":0,"_bbp_total_reply_count":0,"_bbp_voice_count":0,"_bbp_anonymous_reply_count":0,"_bbp_topic_count_hidden":0,"_bbp_reply_count_hidden":0,"_bbp_forum_subforum_count":0,"footnotes":""},"categories":[29],"tags":[97,137],"class_list":["post-6946","post","type-post","status-publish","format-standard","has-post-thumbnail","hentry","category-portada","tag-festes-i-activitats","tag-llengues"],"post_mailing_queue_ids":[],"_links":{"self":[{"href":"https:\/\/agora.xtec.cat\/instarragona\/wp-json\/wp\/v2\/posts\/6946","targetHints":{"allow":["GET"]}}],"collection":[{"href":"https:\/\/agora.xtec.cat\/instarragona\/wp-json\/wp\/v2\/posts"}],"about":[{"href":"https:\/\/agora.xtec.cat\/instarragona\/wp-json\/wp\/v2\/types\/post"}],"author":[{"embeddable":true,"href":"https:\/\/agora.xtec.cat\/instarragona\/wp-json\/wp\/v2\/users\/1"}],"replies":[{"embeddable":true,"href":"https:\/\/agora.xtec.cat\/instarragona\/wp-json\/wp\/v2\/comments?post=6946"}],"version-history":[{"count":2,"href":"https:\/\/agora.xtec.cat\/instarragona\/wp-json\/wp\/v2\/posts\/6946\/revisions"}],"predecessor-version":[{"id":6952,"href":"https:\/\/agora.xtec.cat\/instarragona\/wp-json\/wp\/v2\/posts\/6946\/revisions\/6952"}],"wp:featuredmedia":[{"embeddable":true,"href":"https:\/\/agora.xtec.cat\/instarragona\/wp-json\/wp\/v2\/media\/6948"}],"wp:attachment":[{"href":"https:\/\/agora.xtec.cat\/instarragona\/wp-json\/wp\/v2\/media?parent=6946"}],"wp:term":[{"taxonomy":"category","embeddable":true,"href":"https:\/\/agora.xtec.cat\/instarragona\/wp-json\/wp\/v2\/categories?post=6946"},{"taxonomy":"post_tag","embeddable":true,"href":"https:\/\/agora.xtec.cat\/instarragona\/wp-json\/wp\/v2\/tags?post=6946"}],"curies":[{"name":"wp","href":"https:\/\/api.w.org\/{rel}","templated":true}]}}