{"id":6940,"date":"2026-04-27T10:43:01","date_gmt":"2026-04-27T08:43:01","guid":{"rendered":"https:\/\/agora.xtec.cat\/instarragona\/?p=6940"},"modified":"2026-04-27T10:43:01","modified_gmt":"2026-04-27T08:43:01","slug":"premi-de-relats-a-la-catedral-de-tgn-amb-creacio-literaria","status":"publish","type":"post","link":"https:\/\/agora.xtec.cat\/instarragona\/batxillerat\/premi-de-relats-a-la-catedral-de-tgn-amb-creacio-literaria\/","title":{"rendered":"Premi de Relats a la Catedral de Tgn amb Creaci\u00f3 Liter\u00e0ria"},"content":{"rendered":"<p>Avui hem viscut una jornada plena d&#8217;orgull i talent literari. Els alumnes de la mat\u00e8ria de Creaci\u00f3 Liter\u00e0ria de 1r de Batxillerat han participat en el lliurament de premis del VI\u00e8 Premi de Narrativa Curta &#8220;Relats a la Catedral de Tarragona&#8221; , un certamen que promou l&#8217;\u00fas literari de la llengua i la descoberta del nostre patrimoni.<\/p>\n<p><img loading=\"lazy\" decoding=\"async\" class=\"an1\" draggable=\"false\" src=\"https:\/\/fonts.gstatic.com\/s\/e\/notoemoji\/17.0\/1f3c6\/72.png\" alt=\"\ud83c\udfc6\" width=\"25\" height=\"25\" data-emoji=\"\ud83c\udfc6\" aria-label=\"\ud83c\udfc6\" \/>\u00a0Ens complau anunciar que el nostre institut ha obtingut els dos m\u00e0xims guardons en la categoria de Batxillerat:<\/p>\n<ul dir=\"auto\">\n<li><b>1r Premi<\/b>: J\u00falia Cardona, pel seu relat\u00a0<i>La tecla de vidre<\/i>.<\/li>\n<li><b>2n Premi<\/b>: Ruben Cabello, pel seu relat\u00a0<i>Fins que la mort ens separi<\/i>.<\/li>\n<\/ul>\n<p>Ja podeu consultar els textos guanyadors al nostre lloc web. Us convidem a descobrir:<\/p>\n<ul>\n<li><i>La tecla de vidre<\/i>: Una hist\u00f2ria fascinant on la m\u00fasica i el misteri s&#8217;entrellacen a trav\u00e9s d&#8217;una misteriosa tecla de l&#8217;orgue que t\u00e9 el poder de fer que la Catedral recordi el seu passat.<\/li>\n<li><i>Fins que la mort ens separi<\/i>: Un relat emotiu ambientat en la Guerra Civil, on l&#8217;amor entre una infermera i un soldat malferit neix i es protegeix entre els murs de la Catedral en temps convulsos.<\/li>\n<\/ul>\n<p>Volem felicitar tamb\u00e9 la J\u00falia Molina per la seva participaci\u00f3 i el seu comprom\u00eds amb l&#8217;escriptura. Com a reconeixement addicional, la classe dels guanyadors ser\u00e0 obsequiada amb una visita guiada a la Catedral.\u00a0Felicitats a tots i a totes per fer bategar la literatura al nostre centre!<\/p>\n<p style=\"text-align: center;\"><img loading=\"lazy\" decoding=\"async\" class=\"aligncenter size-full wp-image-6942\" src=\"https:\/\/agora.xtec.cat\/instarragona\/wp-content\/uploads\/usu484\/2026\/04\/Captura2.png\" alt=\"\" width=\"510\" height=\"579\" srcset=\"https:\/\/agora.xtec.cat\/instarragona\/wp-content\/uploads\/usu484\/2026\/04\/Captura2.png 510w, https:\/\/agora.xtec.cat\/instarragona\/wp-content\/uploads\/usu484\/2026\/04\/Captura2-264x300.png 264w\" sizes=\"auto, (max-width: 510px) 100vw, 510px\" \/><\/p>\n<p style=\"text-align: center;\"><img loading=\"lazy\" decoding=\"async\" class=\"aligncenter size-full wp-image-6941\" src=\"https:\/\/agora.xtec.cat\/instarragona\/wp-content\/uploads\/usu484\/2026\/04\/Captura-9.png\" alt=\"\" width=\"512\" height=\"629\" srcset=\"https:\/\/agora.xtec.cat\/instarragona\/wp-content\/uploads\/usu484\/2026\/04\/Captura-9.png 512w, https:\/\/agora.xtec.cat\/instarragona\/wp-content\/uploads\/usu484\/2026\/04\/Captura-9-244x300.png 244w\" sizes=\"auto, (max-width: 512px) 100vw, 512px\" \/><\/p>\n<p>&nbsp;<\/p>\n","protected":false},"excerpt":{"rendered":"<p>Avui hem viscut una jornada plena d&#8217;orgull i talent literari. Els alumnes de la mat\u00e8ria de Creaci\u00f3 Liter\u00e0ria de 1r de Batxillerat han participat en el lliurament de premis del VI\u00e8 Premi de Narrativa Curta &#8220;Relats a la Catedral de Tarragona&#8221; , un certamen que&hellip;  <a href=\"https:\/\/agora.xtec.cat\/instarragona\/batxillerat\/premi-de-relats-a-la-catedral-de-tgn-amb-creacio-literaria\/\" title=\"Read Premi de Relats a la Catedral de Tgn amb Creaci\u00f3 Liter\u00e0ria\">Llegeix m\u00e9s\u00bb<\/a><\/p>\n","protected":false},"author":1,"featured_media":6941,"comment_status":"open","ping_status":"open","sticky":false,"template":"","format":"standard","meta":{"_bbp_topic_count":0,"_bbp_reply_count":0,"_bbp_total_topic_count":0,"_bbp_total_reply_count":0,"_bbp_voice_count":0,"_bbp_anonymous_reply_count":0,"_bbp_topic_count_hidden":0,"_bbp_reply_count_hidden":0,"_bbp_forum_subforum_count":0,"footnotes":""},"categories":[8,29],"tags":[119,104],"class_list":["post-6940","post","type-post","status-publish","format-standard","has-post-thumbnail","hentry","category-batxillerat","category-portada","tag-catala","tag-concursos"],"post_mailing_queue_ids":[],"_links":{"self":[{"href":"https:\/\/agora.xtec.cat\/instarragona\/wp-json\/wp\/v2\/posts\/6940","targetHints":{"allow":["GET"]}}],"collection":[{"href":"https:\/\/agora.xtec.cat\/instarragona\/wp-json\/wp\/v2\/posts"}],"about":[{"href":"https:\/\/agora.xtec.cat\/instarragona\/wp-json\/wp\/v2\/types\/post"}],"author":[{"embeddable":true,"href":"https:\/\/agora.xtec.cat\/instarragona\/wp-json\/wp\/v2\/users\/1"}],"replies":[{"embeddable":true,"href":"https:\/\/agora.xtec.cat\/instarragona\/wp-json\/wp\/v2\/comments?post=6940"}],"version-history":[{"count":3,"href":"https:\/\/agora.xtec.cat\/instarragona\/wp-json\/wp\/v2\/posts\/6940\/revisions"}],"predecessor-version":[{"id":6945,"href":"https:\/\/agora.xtec.cat\/instarragona\/wp-json\/wp\/v2\/posts\/6940\/revisions\/6945"}],"wp:featuredmedia":[{"embeddable":true,"href":"https:\/\/agora.xtec.cat\/instarragona\/wp-json\/wp\/v2\/media\/6941"}],"wp:attachment":[{"href":"https:\/\/agora.xtec.cat\/instarragona\/wp-json\/wp\/v2\/media?parent=6940"}],"wp:term":[{"taxonomy":"category","embeddable":true,"href":"https:\/\/agora.xtec.cat\/instarragona\/wp-json\/wp\/v2\/categories?post=6940"},{"taxonomy":"post_tag","embeddable":true,"href":"https:\/\/agora.xtec.cat\/instarragona\/wp-json\/wp\/v2\/tags?post=6940"}],"curies":[{"name":"wp","href":"https:\/\/api.w.org\/{rel}","templated":true}]}}