{"id":6936,"date":"2026-04-24T14:24:40","date_gmt":"2026-04-24T12:24:40","guid":{"rendered":"https:\/\/agora.xtec.cat\/instarragona\/?p=6936"},"modified":"2026-04-24T14:27:59","modified_gmt":"2026-04-24T12:27:59","slug":"fabriquem-un-bon-formigo","status":"publish","type":"post","link":"https:\/\/agora.xtec.cat\/instarragona\/batxillerat\/fabriquem-un-bon-formigo\/","title":{"rendered":"Fabriquem un bon formig\u00f3"},"content":{"rendered":"<p>L\u2019alumnat de 1r de Batxillerat Tecnol\u00f2gic ha participat enguany al <strong><a href=\"https:\/\/elgranconcursodelhormigon.com\/ca\/inicio-2\/\" target=\"_blank\" rel=\"noopener\">Gran Concurs del Formig\u00f3<\/a><\/strong>, una iniciativa que posa a prova els seus coneixements i habilitats en l\u2019\u00e0mbit de la construcci\u00f3 i que s&#8217;organitza des del Col\u00b7legi Oficial d&#8217;Arquitectes T\u00e8cnics de Tarragona. Durant l\u2019activitat, els estudiants han treballat en equip per dissenyar i elaborar una mostra de formig\u00f3 que en aquests moments est\u00e0 al laboratori. Estem molt encuriosits esperant quina ser\u00e0 la resist\u00e8ncia de la nostra mostra als assajos de compressi\u00f3!<\/p>\n<p><img loading=\"lazy\" decoding=\"async\" class=\"aligncenter size-full wp-image-6937\" src=\"https:\/\/agora.xtec.cat\/instarragona\/wp-content\/uploads\/usu484\/2026\/04\/Captura-7.png\" alt=\"\" width=\"1180\" height=\"599\" srcset=\"https:\/\/agora.xtec.cat\/instarragona\/wp-content\/uploads\/usu484\/2026\/04\/Captura-7.png 1180w, https:\/\/agora.xtec.cat\/instarragona\/wp-content\/uploads\/usu484\/2026\/04\/Captura-7-300x152.png 300w, https:\/\/agora.xtec.cat\/instarragona\/wp-content\/uploads\/usu484\/2026\/04\/Captura-7-1024x520.png 1024w, https:\/\/agora.xtec.cat\/instarragona\/wp-content\/uploads\/usu484\/2026\/04\/Captura-7-768x390.png 768w\" sizes=\"auto, (max-width: 1180px) 100vw, 1180px\" \/><\/p>\n<p>&nbsp;<\/p>\n","protected":false},"excerpt":{"rendered":"<p>L\u2019alumnat de 1r de Batxillerat Tecnol\u00f2gic ha participat enguany al <a href=\"https:\/\/elgranconcursodelhormigon.com\/ca\/inicio-2\/\" target=\"_blank\" rel=\"noopener\">Gran Concurs del Formig\u00f3<\/a>, una iniciativa que posa a prova els seus coneixements i habilitats en l\u2019\u00e0mbit de la construcci\u00f3 i que s&#8217;organitza des del Col\u00b7legi Oficial d&#8217;Arquitectes T\u00e8cnics de Tarragona. Durant&hellip;  <a href=\"https:\/\/agora.xtec.cat\/instarragona\/batxillerat\/fabriquem-un-bon-formigo\/\" title=\"Read Fabriquem un bon formig\u00f3\">Llegeix m\u00e9s\u00bb<\/a><\/p>\n","protected":false},"author":1,"featured_media":6939,"comment_status":"open","ping_status":"open","sticky":false,"template":"","format":"standard","meta":{"_bbp_topic_count":0,"_bbp_reply_count":0,"_bbp_total_topic_count":0,"_bbp_total_reply_count":0,"_bbp_voice_count":0,"_bbp_anonymous_reply_count":0,"_bbp_topic_count_hidden":0,"_bbp_reply_count_hidden":0,"_bbp_forum_subforum_count":0,"footnotes":""},"categories":[8,29],"tags":[104,110],"class_list":["post-6936","post","type-post","status-publish","format-standard","has-post-thumbnail","hentry","category-batxillerat","category-portada","tag-concursos","tag-tecnologia"],"post_mailing_queue_ids":[],"_links":{"self":[{"href":"https:\/\/agora.xtec.cat\/instarragona\/wp-json\/wp\/v2\/posts\/6936","targetHints":{"allow":["GET"]}}],"collection":[{"href":"https:\/\/agora.xtec.cat\/instarragona\/wp-json\/wp\/v2\/posts"}],"about":[{"href":"https:\/\/agora.xtec.cat\/instarragona\/wp-json\/wp\/v2\/types\/post"}],"author":[{"embeddable":true,"href":"https:\/\/agora.xtec.cat\/instarragona\/wp-json\/wp\/v2\/users\/1"}],"replies":[{"embeddable":true,"href":"https:\/\/agora.xtec.cat\/instarragona\/wp-json\/wp\/v2\/comments?post=6936"}],"version-history":[{"count":1,"href":"https:\/\/agora.xtec.cat\/instarragona\/wp-json\/wp\/v2\/posts\/6936\/revisions"}],"predecessor-version":[{"id":6938,"href":"https:\/\/agora.xtec.cat\/instarragona\/wp-json\/wp\/v2\/posts\/6936\/revisions\/6938"}],"wp:featuredmedia":[{"embeddable":true,"href":"https:\/\/agora.xtec.cat\/instarragona\/wp-json\/wp\/v2\/media\/6939"}],"wp:attachment":[{"href":"https:\/\/agora.xtec.cat\/instarragona\/wp-json\/wp\/v2\/media?parent=6936"}],"wp:term":[{"taxonomy":"category","embeddable":true,"href":"https:\/\/agora.xtec.cat\/instarragona\/wp-json\/wp\/v2\/categories?post=6936"},{"taxonomy":"post_tag","embeddable":true,"href":"https:\/\/agora.xtec.cat\/instarragona\/wp-json\/wp\/v2\/tags?post=6936"}],"curies":[{"name":"wp","href":"https:\/\/api.w.org\/{rel}","templated":true}]}}