{"id":6852,"date":"2026-03-14T12:43:50","date_gmt":"2026-03-14T11:43:50","guid":{"rendered":"https:\/\/agora.xtec.cat\/instarragona\/?p=6852"},"modified":"2026-03-14T12:44:11","modified_gmt":"2026-03-14T11:44:11","slug":"geometria-a-gran-escala-lomnipoliedre-gegant-ja-es-una-realitat","status":"publish","type":"post","link":"https:\/\/agora.xtec.cat\/instarragona\/eso\/geometria-a-gran-escala-lomnipoliedre-gegant-ja-es-una-realitat\/","title":{"rendered":"Geometria a gran escala: l\u2019omnipoliedre gegant, una realitat!"},"content":{"rendered":"<div id=\":nk\" class=\"ii gt\">\n<div id=\":nj\" class=\"a3s aiL\">\n<div id=\"avWBGd-203\">\n<div class=\"gmail_quote\">\n<div dir=\"ltr\">\n<div dir=\"ltr\">\n<div>\n<div class=\"gmail_signature\" dir=\"ltr\" data-smartmail=\"gmail_signature\">\n<div dir=\"ltr\">\n<p>Ja tenim el nostre omnipoliedre gegant a l&#8217;institut!<\/p>\n<p>A l\u2019institut ja podem gaudir del nostre omnipoliedre gegant, un projecte interdisciplinar dels departaments de Matem\u00e0tiques, Tecnologia i Educaci\u00f3 Art\u00edstica.<\/p>\n<p>L\u2019alumnat ha participat en tot el proc\u00e9s: des del c\u00e0lcul de mides i el pressupost del material fins a la construcci\u00f3 de l\u2019estructura. Han mesurat, serrat peces i fins i tot han utilitzat el trepant, aplicant coneixements matem\u00e0tics i tecnol\u00f2gics en un projecte real.<\/p>\n<p>L\u2019alumnat d\u2019Expressi\u00f3 Art\u00edstica s\u2019ha encarregat de pintar-lo. Cada un dels cinc poliedres plat\u00f2nics (tetraedre, cub, octaedre, dodecaedre i icosaedre) t\u00e9 un color diferent.<\/p>\n<p>L\u2019hem muntat avui per primera vegada per celebrar el Dia Internacional de les Matem\u00e0tiques (14 de mar\u00e7). A m\u00e9s, l\u2019estructura es podr\u00e0 muntar i desmuntar tantes vegades com es vulgui, cosa que permetr\u00e0 a l\u2019alumnat del centre utilitzar-la en diferents activitats i posar les matem\u00e0tiques en context.<\/p>\n<p>Enhorabona a tothom per la gran <strong><a href=\"https:\/\/drive.google.com\/drive\/folders\/176C_hGsUmIfMz0wyzcE0WLb29Rcbv7ua?usp=drive_link\" target=\"_blank\" rel=\"noopener\">feina<\/a><\/strong>!<\/p>\n<p><img loading=\"lazy\" decoding=\"async\" class=\"aligncenter size-full wp-image-6853\" src=\"https:\/\/agora.xtec.cat\/instarragona\/wp-content\/uploads\/usu484\/2026\/03\/Captura-de-pantalla-2026-03-14-123909.png\" alt=\"\" width=\"775\" height=\"601\" srcset=\"https:\/\/agora.xtec.cat\/instarragona\/wp-content\/uploads\/usu484\/2026\/03\/Captura-de-pantalla-2026-03-14-123909.png 775w, https:\/\/agora.xtec.cat\/instarragona\/wp-content\/uploads\/usu484\/2026\/03\/Captura-de-pantalla-2026-03-14-123909-300x233.png 300w, https:\/\/agora.xtec.cat\/instarragona\/wp-content\/uploads\/usu484\/2026\/03\/Captura-de-pantalla-2026-03-14-123909-768x596.png 768w\" sizes=\"auto, (max-width: 775px) 100vw, 775px\" \/><\/p>\n<p><img loading=\"lazy\" decoding=\"async\" class=\"aligncenter size-full wp-image-6854\" src=\"https:\/\/agora.xtec.cat\/instarragona\/wp-content\/uploads\/usu484\/2026\/03\/Captura-de-pantalla-2026-03-14-123941.png\" alt=\"\" width=\"474\" height=\"559\" srcset=\"https:\/\/agora.xtec.cat\/instarragona\/wp-content\/uploads\/usu484\/2026\/03\/Captura-de-pantalla-2026-03-14-123941.png 474w, https:\/\/agora.xtec.cat\/instarragona\/wp-content\/uploads\/usu484\/2026\/03\/Captura-de-pantalla-2026-03-14-123941-254x300.png 254w\" sizes=\"auto, (max-width: 474px) 100vw, 474px\" \/><\/p>\n<p class=\"adL\">\n<\/div>\n<\/div>\n<\/div>\n<\/div>\n<\/div>\n<\/div>\n<\/div>\n<\/div>\n<\/div>\n","protected":false},"excerpt":{"rendered":"<p>Ja tenim el nostre omnipoliedre gegant a l&#8217;institut!<br \/>\nA l\u2019institut ja podem gaudir del nostre omnipoliedre gegant, un projecte interdisciplinar dels departaments de Matem\u00e0tiques, Tecnologia i Educaci\u00f3 Art\u00edstica.<br \/>\nL\u2019alumnat ha participat en tot el proc\u00e9s: des del c\u00e0lcul de mides i el pressupost del material fins a&hellip;  <a href=\"https:\/\/agora.xtec.cat\/instarragona\/eso\/geometria-a-gran-escala-lomnipoliedre-gegant-ja-es-una-realitat\/\" title=\"Read Geometria a gran escala: l\u2019omnipoliedre gegant, una realitat!\">Llegeix m\u00e9s\u00bb<\/a><\/p>\n","protected":false},"author":1,"featured_media":6853,"comment_status":"open","ping_status":"open","sticky":false,"template":"","format":"standard","meta":{"_bbp_topic_count":0,"_bbp_reply_count":0,"_bbp_total_topic_count":0,"_bbp_total_reply_count":0,"_bbp_voice_count":0,"_bbp_anonymous_reply_count":0,"_bbp_topic_count_hidden":0,"_bbp_reply_count_hidden":0,"_bbp_forum_subforum_count":0,"footnotes":""},"categories":[3,29],"tags":[41,110,117],"class_list":["post-6852","post","type-post","status-publish","format-standard","has-post-thumbnail","hentry","category-eso","category-portada","tag-matematiques","tag-tecnologia","tag-visual-i-plastica"],"post_mailing_queue_ids":[],"_links":{"self":[{"href":"https:\/\/agora.xtec.cat\/instarragona\/wp-json\/wp\/v2\/posts\/6852","targetHints":{"allow":["GET"]}}],"collection":[{"href":"https:\/\/agora.xtec.cat\/instarragona\/wp-json\/wp\/v2\/posts"}],"about":[{"href":"https:\/\/agora.xtec.cat\/instarragona\/wp-json\/wp\/v2\/types\/post"}],"author":[{"embeddable":true,"href":"https:\/\/agora.xtec.cat\/instarragona\/wp-json\/wp\/v2\/users\/1"}],"replies":[{"embeddable":true,"href":"https:\/\/agora.xtec.cat\/instarragona\/wp-json\/wp\/v2\/comments?post=6852"}],"version-history":[{"count":2,"href":"https:\/\/agora.xtec.cat\/instarragona\/wp-json\/wp\/v2\/posts\/6852\/revisions"}],"predecessor-version":[{"id":6856,"href":"https:\/\/agora.xtec.cat\/instarragona\/wp-json\/wp\/v2\/posts\/6852\/revisions\/6856"}],"wp:featuredmedia":[{"embeddable":true,"href":"https:\/\/agora.xtec.cat\/instarragona\/wp-json\/wp\/v2\/media\/6853"}],"wp:attachment":[{"href":"https:\/\/agora.xtec.cat\/instarragona\/wp-json\/wp\/v2\/media?parent=6852"}],"wp:term":[{"taxonomy":"category","embeddable":true,"href":"https:\/\/agora.xtec.cat\/instarragona\/wp-json\/wp\/v2\/categories?post=6852"},{"taxonomy":"post_tag","embeddable":true,"href":"https:\/\/agora.xtec.cat\/instarragona\/wp-json\/wp\/v2\/tags?post=6852"}],"curies":[{"name":"wp","href":"https:\/\/api.w.org\/{rel}","templated":true}]}}