{"id":6847,"date":"2026-03-14T12:37:03","date_gmt":"2026-03-14T11:37:03","guid":{"rendered":"https:\/\/agora.xtec.cat\/instarragona\/?p=6847"},"modified":"2026-03-14T12:37:03","modified_gmt":"2026-03-14T11:37:03","slug":"europarlamentaris-per-un-dia","status":"publish","type":"post","link":"https:\/\/agora.xtec.cat\/instarragona\/batxillerat\/europarlamentaris-per-un-dia\/","title":{"rendered":"Europarlamentaris per un dia"},"content":{"rendered":"<p dir=\"auto\">Els alumnes de 2n de BATX que cursen la mat\u00e8ria de geografia van poder gaudir d&#8217;una jornada on es va tractar el tema de la UE (formaci\u00f3, avantatges de formar-hi part&#8230;). Aix\u00ed mateix els alumnes es van posar a la pell dels europarlamentaris fent una simulaci\u00f3 de com funciona el Parlament Europeu impulsant lleis, debatint-les i aprovant-les o no.<\/p>\n<p dir=\"auto\">Donem les gr\u00e0cies al Marta Dom\u00e8nech d&#8217;<strong><a href=\"https:\/\/europedirect.tarragona.cat\/\" target=\"_blank\" rel=\"noopener\">Europe Direct<\/a><\/strong> per la seva implicaci\u00f3 un any m\u00e9s.<\/p>\n<p dir=\"auto\"><img loading=\"lazy\" decoding=\"async\" class=\"aligncenter size-full wp-image-6848\" src=\"https:\/\/agora.xtec.cat\/instarragona\/wp-content\/uploads\/usu484\/2026\/03\/Captura-de-pantalla-2026-03-14-123312.png\" alt=\"\" width=\"891\" height=\"523\" srcset=\"https:\/\/agora.xtec.cat\/instarragona\/wp-content\/uploads\/usu484\/2026\/03\/Captura-de-pantalla-2026-03-14-123312.png 891w, https:\/\/agora.xtec.cat\/instarragona\/wp-content\/uploads\/usu484\/2026\/03\/Captura-de-pantalla-2026-03-14-123312-300x176.png 300w, https:\/\/agora.xtec.cat\/instarragona\/wp-content\/uploads\/usu484\/2026\/03\/Captura-de-pantalla-2026-03-14-123312-768x451.png 768w\" sizes=\"auto, (max-width: 891px) 100vw, 891px\" \/><\/p>\n<p dir=\"auto\"><img loading=\"lazy\" decoding=\"async\" class=\"aligncenter size-full wp-image-6849\" src=\"https:\/\/agora.xtec.cat\/instarragona\/wp-content\/uploads\/usu484\/2026\/03\/Captura-de-pantalla-2026-03-14-123355.png\" alt=\"\" width=\"900\" height=\"603\" srcset=\"https:\/\/agora.xtec.cat\/instarragona\/wp-content\/uploads\/usu484\/2026\/03\/Captura-de-pantalla-2026-03-14-123355.png 900w, https:\/\/agora.xtec.cat\/instarragona\/wp-content\/uploads\/usu484\/2026\/03\/Captura-de-pantalla-2026-03-14-123355-300x201.png 300w, https:\/\/agora.xtec.cat\/instarragona\/wp-content\/uploads\/usu484\/2026\/03\/Captura-de-pantalla-2026-03-14-123355-768x515.png 768w\" sizes=\"auto, (max-width: 900px) 100vw, 900px\" \/><\/p>\n","protected":false},"excerpt":{"rendered":"<p>Els alumnes de 2n de BATX que cursen la mat\u00e8ria de geografia van poder gaudir d&#8217;una jornada on es va tractar el tema de la UE (formaci\u00f3, avantatges de formar-hi part&#8230;). Aix\u00ed mateix els alumnes es van posar a la pell dels europarlamentaris fent una&hellip;  <a href=\"https:\/\/agora.xtec.cat\/instarragona\/batxillerat\/europarlamentaris-per-un-dia\/\" title=\"Read Europarlamentaris per un dia\">Llegeix m\u00e9s\u00bb<\/a><\/p>\n","protected":false},"author":1,"featured_media":6850,"comment_status":"open","ping_status":"open","sticky":false,"template":"","format":"standard","meta":{"_bbp_topic_count":0,"_bbp_reply_count":0,"_bbp_total_topic_count":0,"_bbp_total_reply_count":0,"_bbp_voice_count":0,"_bbp_anonymous_reply_count":0,"_bbp_topic_count_hidden":0,"_bbp_reply_count_hidden":0,"_bbp_forum_subforum_count":0,"footnotes":""},"categories":[8,29],"tags":[133,44],"class_list":["post-6847","post","type-post","status-publish","format-standard","has-post-thumbnail","hentry","category-batxillerat","category-portada","tag-geografia-i-historia","tag-xerrades"],"post_mailing_queue_ids":[],"_links":{"self":[{"href":"https:\/\/agora.xtec.cat\/instarragona\/wp-json\/wp\/v2\/posts\/6847","targetHints":{"allow":["GET"]}}],"collection":[{"href":"https:\/\/agora.xtec.cat\/instarragona\/wp-json\/wp\/v2\/posts"}],"about":[{"href":"https:\/\/agora.xtec.cat\/instarragona\/wp-json\/wp\/v2\/types\/post"}],"author":[{"embeddable":true,"href":"https:\/\/agora.xtec.cat\/instarragona\/wp-json\/wp\/v2\/users\/1"}],"replies":[{"embeddable":true,"href":"https:\/\/agora.xtec.cat\/instarragona\/wp-json\/wp\/v2\/comments?post=6847"}],"version-history":[{"count":1,"href":"https:\/\/agora.xtec.cat\/instarragona\/wp-json\/wp\/v2\/posts\/6847\/revisions"}],"predecessor-version":[{"id":6851,"href":"https:\/\/agora.xtec.cat\/instarragona\/wp-json\/wp\/v2\/posts\/6847\/revisions\/6851"}],"wp:featuredmedia":[{"embeddable":true,"href":"https:\/\/agora.xtec.cat\/instarragona\/wp-json\/wp\/v2\/media\/6850"}],"wp:attachment":[{"href":"https:\/\/agora.xtec.cat\/instarragona\/wp-json\/wp\/v2\/media?parent=6847"}],"wp:term":[{"taxonomy":"category","embeddable":true,"href":"https:\/\/agora.xtec.cat\/instarragona\/wp-json\/wp\/v2\/categories?post=6847"},{"taxonomy":"post_tag","embeddable":true,"href":"https:\/\/agora.xtec.cat\/instarragona\/wp-json\/wp\/v2\/tags?post=6847"}],"curies":[{"name":"wp","href":"https:\/\/api.w.org\/{rel}","templated":true}]}}