{"id":6838,"date":"2026-03-09T16:02:21","date_gmt":"2026-03-09T15:02:21","guid":{"rendered":"https:\/\/agora.xtec.cat\/instarragona\/?p=6838"},"modified":"2026-03-09T16:02:21","modified_gmt":"2026-03-09T15:02:21","slug":"gracies-afa","status":"publish","type":"post","link":"https:\/\/agora.xtec.cat\/instarragona\/portada\/gracies-afa\/","title":{"rendered":"Gr\u00e0cies, AFA!"},"content":{"rendered":"<p>L&#8217;<b>AFA<\/b>\u00a0de l\u2019institut ha assumit el cost de la subscripci\u00f3 anual a l\u2019eina d\u2019orientaci\u00f3 acad\u00e8mica\u00a0Unportal.<\/p>\n<p>Gr\u00e0cies a aquesta iniciativa, el centre disposa d&#8217;un recurs m\u00e9s per acompanyar l\u2019alumnat en el seu proc\u00e9s d&#8217;orientaci\u00f3 acad\u00e8mica, especialment l&#8217;alumnat de\u00a04t d\u2019ESO i de batxillerat, que es troba en un moment clau de decidir els seus estudis posteriors.<\/p>\n<p>Aquesta eina ens permet refor\u00e7ar el suport que donem al nostre alumnat en la presa de decisions sobre el seu futur acad\u00e8mic.<\/p>\n<p>Agra\u00efm a l\u2019<b>AFA<\/b>\u00a0la seva col\u00b7laboraci\u00f3 i implicaci\u00f3 en la millora dels recursos d&#8217;orientaci\u00f3 del centre!<\/p>\n<p><img loading=\"lazy\" decoding=\"async\" class=\"aligncenter size-full wp-image-6839\" src=\"https:\/\/agora.xtec.cat\/instarragona\/wp-content\/uploads\/usu484\/2026\/03\/Captura-de-pantalla-2026-03-09-160039.png\" alt=\"\" width=\"1135\" height=\"667\" srcset=\"https:\/\/agora.xtec.cat\/instarragona\/wp-content\/uploads\/usu484\/2026\/03\/Captura-de-pantalla-2026-03-09-160039.png 1135w, https:\/\/agora.xtec.cat\/instarragona\/wp-content\/uploads\/usu484\/2026\/03\/Captura-de-pantalla-2026-03-09-160039-300x176.png 300w, https:\/\/agora.xtec.cat\/instarragona\/wp-content\/uploads\/usu484\/2026\/03\/Captura-de-pantalla-2026-03-09-160039-1024x602.png 1024w, https:\/\/agora.xtec.cat\/instarragona\/wp-content\/uploads\/usu484\/2026\/03\/Captura-de-pantalla-2026-03-09-160039-768x451.png 768w\" sizes=\"auto, (max-width: 1135px) 100vw, 1135px\" \/><\/p>\n","protected":false},"excerpt":{"rendered":"<p>L&#8217;AFA\u00a0de l\u2019institut ha assumit el cost de la subscripci\u00f3 anual a l\u2019eina d\u2019orientaci\u00f3 acad\u00e8mica\u00a0Unportal.<br \/>\nGr\u00e0cies a aquesta iniciativa, el centre disposa d&#8217;un recurs m\u00e9s per acompanyar l\u2019alumnat en el seu proc\u00e9s d&#8217;orientaci\u00f3 acad\u00e8mica, especialment l&#8217;alumnat de\u00a04t d\u2019ESO i de batxillerat, que es troba en un moment&hellip;  <a href=\"https:\/\/agora.xtec.cat\/instarragona\/portada\/gracies-afa\/\" title=\"Read Gr\u00e0cies, AFA!\">Llegeix m\u00e9s\u00bb<\/a><\/p>\n","protected":false},"author":1,"featured_media":6839,"comment_status":"open","ping_status":"open","sticky":false,"template":"","format":"standard","meta":{"_bbp_topic_count":0,"_bbp_reply_count":0,"_bbp_total_topic_count":0,"_bbp_total_reply_count":0,"_bbp_voice_count":0,"_bbp_anonymous_reply_count":0,"_bbp_topic_count_hidden":0,"_bbp_reply_count_hidden":0,"_bbp_forum_subforum_count":0,"footnotes":""},"categories":[29],"tags":[102],"class_list":["post-6838","post","type-post","status-publish","format-standard","has-post-thumbnail","hentry","category-portada","tag-orientacio"],"post_mailing_queue_ids":[],"_links":{"self":[{"href":"https:\/\/agora.xtec.cat\/instarragona\/wp-json\/wp\/v2\/posts\/6838","targetHints":{"allow":["GET"]}}],"collection":[{"href":"https:\/\/agora.xtec.cat\/instarragona\/wp-json\/wp\/v2\/posts"}],"about":[{"href":"https:\/\/agora.xtec.cat\/instarragona\/wp-json\/wp\/v2\/types\/post"}],"author":[{"embeddable":true,"href":"https:\/\/agora.xtec.cat\/instarragona\/wp-json\/wp\/v2\/users\/1"}],"replies":[{"embeddable":true,"href":"https:\/\/agora.xtec.cat\/instarragona\/wp-json\/wp\/v2\/comments?post=6838"}],"version-history":[{"count":1,"href":"https:\/\/agora.xtec.cat\/instarragona\/wp-json\/wp\/v2\/posts\/6838\/revisions"}],"predecessor-version":[{"id":6840,"href":"https:\/\/agora.xtec.cat\/instarragona\/wp-json\/wp\/v2\/posts\/6838\/revisions\/6840"}],"wp:featuredmedia":[{"embeddable":true,"href":"https:\/\/agora.xtec.cat\/instarragona\/wp-json\/wp\/v2\/media\/6839"}],"wp:attachment":[{"href":"https:\/\/agora.xtec.cat\/instarragona\/wp-json\/wp\/v2\/media?parent=6838"}],"wp:term":[{"taxonomy":"category","embeddable":true,"href":"https:\/\/agora.xtec.cat\/instarragona\/wp-json\/wp\/v2\/categories?post=6838"},{"taxonomy":"post_tag","embeddable":true,"href":"https:\/\/agora.xtec.cat\/instarragona\/wp-json\/wp\/v2\/tags?post=6838"}],"curies":[{"name":"wp","href":"https:\/\/api.w.org\/{rel}","templated":true}]}}