{"id":6829,"date":"2026-03-09T15:58:35","date_gmt":"2026-03-09T14:58:35","guid":{"rendered":"https:\/\/agora.xtec.cat\/instarragona\/?p=6829"},"modified":"2026-03-09T15:58:55","modified_gmt":"2026-03-09T14:58:55","slug":"visitem-la-sagrada-familia","status":"publish","type":"post","link":"https:\/\/agora.xtec.cat\/instarragona\/general\/visitem-la-sagrada-familia\/","title":{"rendered":"Visitem la Sagrada Fam\u00edlia"},"content":{"rendered":"<p data-start=\"0\" data-end=\"341\">Aquest \u00e9s l\u2019any dedicat a <span class=\"hover:entity-accent entity-underline inline cursor-pointer align-baseline\"><span class=\"whitespace-normal\">Antoni Gaud\u00ed<\/span><\/span> i, per aquest motiu, la sortida de conviv\u00e8ncia de l\u2019alumnat de Religi\u00f3 ha estat a la <span class=\"hover:entity-accent entity-underline inline cursor-pointer align-baseline\"><span class=\"whitespace-normal\">Bas\u00edlica de la Sagrada Fam\u00edlia<\/span><\/span>, una de les seves obres m\u00e9s emblem\u00e0tiques. La visita ens ha perm\u00e8s descobrir millor el simbolisme i la inspiraci\u00f3 espiritual d\u2019aquest temple tan singular.<\/p>\n<p data-start=\"343\" data-end=\"578\">Per completar la jornada, tamb\u00e9 hem visitat el <span class=\"hover:entity-accent entity-underline inline cursor-pointer align-baseline\"><span class=\"whitespace-normal\">CaixaForum Barcelona<\/span><\/span>, on hem participat en la visita immersiva <em data-start=\"470\" data-end=\"482\">Som Natura<\/em>, una experi\u00e8ncia que ens convida a reflexionar sobre la relaci\u00f3 entre les persones i la natura \ud83c\udf3f.<\/p>\n<p style=\"text-align: center;\" data-start=\"343\" data-end=\"578\"><img loading=\"lazy\" decoding=\"async\" class=\"aligncenter size-full wp-image-6833\" src=\"https:\/\/agora.xtec.cat\/instarragona\/wp-content\/uploads\/usu484\/2026\/03\/1.png\" alt=\"\" width=\"528\" height=\"718\" srcset=\"https:\/\/agora.xtec.cat\/instarragona\/wp-content\/uploads\/usu484\/2026\/03\/1.png 528w, https:\/\/agora.xtec.cat\/instarragona\/wp-content\/uploads\/usu484\/2026\/03\/1-221x300.png 221w\" sizes=\"auto, (max-width: 528px) 100vw, 528px\" \/><\/p>\n<p style=\"text-align: center;\" data-start=\"343\" data-end=\"578\"><img loading=\"lazy\" decoding=\"async\" class=\"aligncenter size-full wp-image-6834\" src=\"https:\/\/agora.xtec.cat\/instarragona\/wp-content\/uploads\/usu484\/2026\/03\/2.png\" alt=\"\" width=\"643\" height=\"636\" srcset=\"https:\/\/agora.xtec.cat\/instarragona\/wp-content\/uploads\/usu484\/2026\/03\/2.png 643w, https:\/\/agora.xtec.cat\/instarragona\/wp-content\/uploads\/usu484\/2026\/03\/2-300x297.png 300w\" sizes=\"auto, (max-width: 643px) 100vw, 643px\" \/><\/p>\n<p data-start=\"343\" data-end=\"578\">\n","protected":false},"excerpt":{"rendered":"<p>Aquest \u00e9s l\u2019any dedicat a Antoni Gaud\u00ed i, per aquest motiu, la sortida de conviv\u00e8ncia de l\u2019alumnat de Religi\u00f3 ha estat a la Bas\u00edlica de la Sagrada Fam\u00edlia, una de les seves obres m\u00e9s emblem\u00e0tiques. La visita ens ha perm\u00e8s descobrir millor el simbolisme i&hellip;  <a href=\"https:\/\/agora.xtec.cat\/instarragona\/general\/visitem-la-sagrada-familia\/\" title=\"Read Visitem la Sagrada Fam\u00edlia\">Llegeix m\u00e9s\u00bb<\/a><\/p>\n","protected":false},"author":1,"featured_media":6835,"comment_status":"open","ping_status":"open","sticky":false,"template":"","format":"standard","meta":{"_bbp_topic_count":0,"_bbp_reply_count":0,"_bbp_total_topic_count":0,"_bbp_total_reply_count":0,"_bbp_voice_count":0,"_bbp_anonymous_reply_count":0,"_bbp_topic_count_hidden":0,"_bbp_reply_count_hidden":0,"_bbp_forum_subforum_count":0,"footnotes":""},"categories":[3,1,29],"tags":[127,39],"class_list":["post-6829","post","type-post","status-publish","format-standard","has-post-thumbnail","hentry","category-eso","category-general","category-portada","tag-religio","tag-sortides"],"post_mailing_queue_ids":[],"_links":{"self":[{"href":"https:\/\/agora.xtec.cat\/instarragona\/wp-json\/wp\/v2\/posts\/6829","targetHints":{"allow":["GET"]}}],"collection":[{"href":"https:\/\/agora.xtec.cat\/instarragona\/wp-json\/wp\/v2\/posts"}],"about":[{"href":"https:\/\/agora.xtec.cat\/instarragona\/wp-json\/wp\/v2\/types\/post"}],"author":[{"embeddable":true,"href":"https:\/\/agora.xtec.cat\/instarragona\/wp-json\/wp\/v2\/users\/1"}],"replies":[{"embeddable":true,"href":"https:\/\/agora.xtec.cat\/instarragona\/wp-json\/wp\/v2\/comments?post=6829"}],"version-history":[{"count":3,"href":"https:\/\/agora.xtec.cat\/instarragona\/wp-json\/wp\/v2\/posts\/6829\/revisions"}],"predecessor-version":[{"id":6836,"href":"https:\/\/agora.xtec.cat\/instarragona\/wp-json\/wp\/v2\/posts\/6829\/revisions\/6836"}],"wp:featuredmedia":[{"embeddable":true,"href":"https:\/\/agora.xtec.cat\/instarragona\/wp-json\/wp\/v2\/media\/6835"}],"wp:attachment":[{"href":"https:\/\/agora.xtec.cat\/instarragona\/wp-json\/wp\/v2\/media?parent=6829"}],"wp:term":[{"taxonomy":"category","embeddable":true,"href":"https:\/\/agora.xtec.cat\/instarragona\/wp-json\/wp\/v2\/categories?post=6829"},{"taxonomy":"post_tag","embeddable":true,"href":"https:\/\/agora.xtec.cat\/instarragona\/wp-json\/wp\/v2\/tags?post=6829"}],"curies":[{"name":"wp","href":"https:\/\/api.w.org\/{rel}","templated":true}]}}