{"id":6822,"date":"2026-03-03T13:13:39","date_gmt":"2026-03-03T12:13:39","guid":{"rendered":"https:\/\/agora.xtec.cat\/instarragona\/?p=6822"},"modified":"2026-03-03T13:14:13","modified_gmt":"2026-03-03T12:14:13","slug":"resultats-espectaculars-a-les-olimpiades-de-geo","status":"publish","type":"post","link":"https:\/\/agora.xtec.cat\/instarragona\/batxillerat\/resultats-espectaculars-a-les-olimpiades-de-geo\/","title":{"rendered":"Resultats espectaculars a les Ol\u00edmpiades de Geo"},"content":{"rendered":"<h3 style=\"text-align: center;\"><img loading=\"lazy\" decoding=\"async\" class=\"an1\" draggable=\"false\" src=\"https:\/\/fonts.gstatic.com\/s\/e\/notoemoji\/17.0\/1f389\/72.png\" alt=\"\ud83c\udf89\" width=\"24\" height=\"24\" data-emoji=\"\ud83c\udf89\" aria-label=\"\ud83c\udf89\" \/><img loading=\"lazy\" decoding=\"async\" class=\"an1\" draggable=\"false\" src=\"https:\/\/fonts.gstatic.com\/s\/e\/notoemoji\/17.0\/1faa8\/72.png\" alt=\"\ud83e\udea8\" width=\"28\" height=\"28\" data-emoji=\"\ud83e\udea8\" aria-label=\"\ud83e\udea8\" \/> <span style=\"color: #993300;\"><strong>ORGULL M\u00c0XIM!<\/strong><\/span> <img loading=\"lazy\" decoding=\"async\" class=\"an1\" draggable=\"false\" src=\"https:\/\/fonts.gstatic.com\/s\/e\/notoemoji\/17.0\/1f389\/72.png\" alt=\"\ud83c\udf89\" width=\"24\" height=\"24\" data-emoji=\"\ud83c\udf89\" aria-label=\"\ud83c\udf89\" \/><img loading=\"lazy\" decoding=\"async\" class=\"an1\" draggable=\"false\" src=\"https:\/\/fonts.gstatic.com\/s\/e\/notoemoji\/17.0\/1faa8\/72.png\" alt=\"\ud83e\udea8\" width=\"28\" height=\"28\" data-emoji=\"\ud83e\udea8\" aria-label=\"\ud83e\udea8\" \/><\/h3>\n<p style=\"text-align: left;\">8 alumnes de Geologia i Ci\u00e8ncies Ambientals de 1r i 2n de Batxillerat van participar a les XVII Olimp\u00edades de Geologia de Catalunya, celebrades a la Facultat de Qu\u00edmica de la URV.\u00a0I no podem estar m\u00e9s contents\u2026 perqu\u00e8 4 dels nostres alumnes han quedat en les primeres 4 posicions!<\/p>\n<h3 style=\"text-align: center;\"><img loading=\"lazy\" decoding=\"async\" class=\"an1 aligncenter\" draggable=\"false\" src=\"https:\/\/fonts.gstatic.com\/s\/e\/notoemoji\/17.0\/1f947\/72.png\" alt=\"\ud83e\udd47\" width=\"63\" height=\"63\" data-emoji=\"\ud83e\udd47\" aria-label=\"\ud83e\udd47\" \/><strong><span style=\"font-family: inherit; font-size: 1em;\">\u00c8ric Ayats \u2014 Guanyador de la fase provincial!<\/span><\/strong><\/h3>\n<h5 style=\"text-align: center;\"><img loading=\"lazy\" decoding=\"async\" class=\"an1\" draggable=\"false\" src=\"https:\/\/fonts.gstatic.com\/s\/e\/notoemoji\/17.0\/1f948\/72.png\" alt=\"\ud83e\udd48\" width=\"36\" height=\"36\" data-emoji=\"\ud83e\udd48\" aria-label=\"\ud83e\udd48\" \/>\u00a0\u00c8ric Rodr\u00edguez \u2014 2n classificat<\/h5>\n<h5 style=\"text-align: center;\"><img loading=\"lazy\" decoding=\"async\" class=\"an1\" draggable=\"false\" src=\"https:\/\/fonts.gstatic.com\/s\/e\/notoemoji\/17.0\/1f949\/72.png\" alt=\"\ud83e\udd49\" width=\"32\" height=\"32\" data-emoji=\"\ud83e\udd49\" aria-label=\"\ud83e\udd49\" \/>\u00a0Adri\u00e0 Luque \u2014 3r classificat<\/h5>\n<h5 style=\"text-align: center;\"><img loading=\"lazy\" decoding=\"async\" class=\"an1\" draggable=\"false\" src=\"https:\/\/fonts.gstatic.com\/s\/e\/notoemoji\/17.0\/1f3c5\/72.png\" alt=\"\ud83c\udfc5\" width=\"31\" height=\"31\" data-emoji=\"\ud83c\udfc5\" aria-label=\"\ud83c\udfc5\" \/>\u00a0M\u00edriam Barraho \u2014 4a classificada<\/h5>\n<div style=\"text-align: center;\"><\/div>\n<p>Els dos primers classificats, \u00c8ric Ayats i \u00c8ric Rodr\u00edguez, seran els representants al mar\u00e7 de la prov\u00edncia \u00a0de Tarragona a la fase espanyola, que se celebrar\u00e0 a Gal\u00edcia.\u00a0I s\u00ed\u2026 nom\u00e9s ha fet p\u00f2dium l\u2019INS TGN!\u00a0Enhorabona a tots vuit participants per la vostra dedicaci\u00f3 i passi\u00f3 per la geologia.<\/p>\n<p style=\"text-align: center;\"><img loading=\"lazy\" decoding=\"async\" class=\"aligncenter size-full wp-image-6823\" src=\"https:\/\/agora.xtec.cat\/instarragona\/wp-content\/uploads\/usu484\/2026\/03\/1000119609.jpg\" alt=\"\" width=\"1200\" height=\"1600\" srcset=\"https:\/\/agora.xtec.cat\/instarragona\/wp-content\/uploads\/usu484\/2026\/03\/1000119609.jpg 1200w, https:\/\/agora.xtec.cat\/instarragona\/wp-content\/uploads\/usu484\/2026\/03\/1000119609-225x300.jpg 225w, https:\/\/agora.xtec.cat\/instarragona\/wp-content\/uploads\/usu484\/2026\/03\/1000119609-768x1024.jpg 768w, https:\/\/agora.xtec.cat\/instarragona\/wp-content\/uploads\/usu484\/2026\/03\/1000119609-1152x1536.jpg 1152w\" sizes=\"auto, (max-width: 1200px) 100vw, 1200px\" \/><\/p>\n","protected":false},"excerpt":{"rendered":"<p> ORGULL M\u00c0XIM!<br \/>\n8 alumnes de Geologia i Ci\u00e8ncies Ambientals de 1r i 2n de Batxillerat van participar a les XVII Olimp\u00edades de Geologia de Catalunya, celebrades a la Facultat de Qu\u00edmica de la URV.\u00a0I no podem estar m\u00e9s contents\u2026 perqu\u00e8 4 dels nostres alumnes&hellip;  <a href=\"https:\/\/agora.xtec.cat\/instarragona\/batxillerat\/resultats-espectaculars-a-les-olimpiades-de-geo\/\" title=\"Read Resultats espectaculars a les Ol\u00edmpiades de Geo\">Llegeix m\u00e9s\u00bb<\/a><\/p>\n","protected":false},"author":1,"featured_media":6823,"comment_status":"open","ping_status":"open","sticky":false,"template":"","format":"standard","meta":{"_bbp_topic_count":0,"_bbp_reply_count":0,"_bbp_total_topic_count":0,"_bbp_total_reply_count":0,"_bbp_voice_count":0,"_bbp_anonymous_reply_count":0,"_bbp_topic_count_hidden":0,"_bbp_reply_count_hidden":0,"_bbp_forum_subforum_count":0,"footnotes":""},"categories":[8,29],"tags":[116,104],"class_list":["post-6822","post","type-post","status-publish","format-standard","has-post-thumbnail","hentry","category-batxillerat","category-portada","tag-ciencies","tag-concursos"],"post_mailing_queue_ids":[],"_links":{"self":[{"href":"https:\/\/agora.xtec.cat\/instarragona\/wp-json\/wp\/v2\/posts\/6822","targetHints":{"allow":["GET"]}}],"collection":[{"href":"https:\/\/agora.xtec.cat\/instarragona\/wp-json\/wp\/v2\/posts"}],"about":[{"href":"https:\/\/agora.xtec.cat\/instarragona\/wp-json\/wp\/v2\/types\/post"}],"author":[{"embeddable":true,"href":"https:\/\/agora.xtec.cat\/instarragona\/wp-json\/wp\/v2\/users\/1"}],"replies":[{"embeddable":true,"href":"https:\/\/agora.xtec.cat\/instarragona\/wp-json\/wp\/v2\/comments?post=6822"}],"version-history":[{"count":2,"href":"https:\/\/agora.xtec.cat\/instarragona\/wp-json\/wp\/v2\/posts\/6822\/revisions"}],"predecessor-version":[{"id":6825,"href":"https:\/\/agora.xtec.cat\/instarragona\/wp-json\/wp\/v2\/posts\/6822\/revisions\/6825"}],"wp:featuredmedia":[{"embeddable":true,"href":"https:\/\/agora.xtec.cat\/instarragona\/wp-json\/wp\/v2\/media\/6823"}],"wp:attachment":[{"href":"https:\/\/agora.xtec.cat\/instarragona\/wp-json\/wp\/v2\/media?parent=6822"}],"wp:term":[{"taxonomy":"category","embeddable":true,"href":"https:\/\/agora.xtec.cat\/instarragona\/wp-json\/wp\/v2\/categories?post=6822"},{"taxonomy":"post_tag","embeddable":true,"href":"https:\/\/agora.xtec.cat\/instarragona\/wp-json\/wp\/v2\/tags?post=6822"}],"curies":[{"name":"wp","href":"https:\/\/api.w.org\/{rel}","templated":true}]}}