{"id":6808,"date":"2026-02-27T12:28:14","date_gmt":"2026-02-27T11:28:14","guid":{"rendered":"https:\/\/agora.xtec.cat\/instarragona\/?p=6808"},"modified":"2026-02-27T12:28:50","modified_gmt":"2026-02-27T11:28:50","slug":"deutsch-en-accio","status":"publish","type":"post","link":"https:\/\/agora.xtec.cat\/instarragona\/eso\/eso-1\/deutsch-en-accio\/","title":{"rendered":"Deutsch en acci\u00f3!"},"content":{"rendered":"<div>\n<p data-start=\"0\" data-end=\"347\">Amb els alumnes d\u2019alemany de primera i segona llengua de 1r d\u2019ESO hem realitzat una gimcana ling\u00fc\u00edstica centrada en la cultura, el vocabulari i la gram\u00e0tica. A trav\u00e9s de diferents proves i reptes, l\u2019alumnat ha pogut treballar continguts de manera din\u00e0mica i participativa, posant en pr\u00e0ctica els seus coneixements d\u2019una forma l\u00fadica i cooperativa.\u00a0L\u2019activitat ha combinat jocs, pistes i petites activitats en grup que fomentaven tant la comprensi\u00f3 com l\u2019expressi\u00f3 en alemany, tot refor\u00e7ant els continguts treballats a l\u2019aula.<\/p>\n<div class=\"flex flex-col text-sm pb-25\">\n<article class=\"text-token-text-primary w-full focus:outline-none [--shadow-height:45px] has-data-writing-block:pointer-events-none has-data-writing-block:-mt-(--shadow-height) has-data-writing-block:pt-(--shadow-height) [&amp;:has([data-writing-block])&gt;*]:pointer-events-auto scroll-mt-[calc(var(--header-height)+min(200px,max(70px,20svh)))]\" dir=\"auto\" tabindex=\"-1\" data-turn-id=\"request-WEB:f39670e7-093f-4c76-b7cf-f1d818f38b76-3\" data-testid=\"conversation-turn-8\" data-scroll-anchor=\"true\" data-turn=\"assistant\">\n<div class=\"text-base my-auto mx-auto pb-10 [--thread-content-margin:--spacing(4)] @w-sm\/main:[--thread-content-margin:--spacing(6)] @w-lg\/main:[--thread-content-margin:--spacing(16)] px-(--thread-content-margin)\">\n<div class=\"[--thread-content-max-width:40rem] @w-lg\/main:[--thread-content-max-width:48rem] mx-auto max-w-(--thread-content-max-width) flex-1 group\/turn-messages focus-visible:outline-hidden relative flex w-full min-w-0 flex-col agent-turn\" tabindex=\"-1\">\n<div class=\"flex max-w-full flex-col grow\">\n<div class=\"min-h-8 text-message relative flex w-full flex-col items-end gap-2 text-start break-words whitespace-normal [.text-message+&amp;]:mt-1\" dir=\"auto\" data-message-author-role=\"assistant\" data-message-id=\"ef974bd1-615e-49fb-87e8-e75751b721f8\" data-message-model-slug=\"gpt-5-2\">\n<div class=\"flex w-full flex-col gap-1 empty:hidden first:pt-[1px]\">\n<div class=\"markdown prose dark:prose-invert w-full wrap-break-word light markdown-new-styling\">\n<p data-start=\"686\" data-end=\"871\" data-is-last-node=\"\" data-is-only-node=\"\">En definitiva, ha estat una manera diferent i engrescadora d\u2019apropar l\u2019alumnat a la llengua alemanya, tot aprenent mentre es diverteixen i comparteixen una bona estona amb els companys.<\/p>\n<p style=\"text-align: center;\" data-start=\"686\" data-end=\"871\" data-is-last-node=\"\" data-is-only-node=\"\"><img loading=\"lazy\" decoding=\"async\" class=\"aligncenter size-full wp-image-6809\" src=\"https:\/\/agora.xtec.cat\/instarragona\/wp-content\/uploads\/usu484\/2026\/02\/1.png\" alt=\"\" width=\"882\" height=\"677\" srcset=\"https:\/\/agora.xtec.cat\/instarragona\/wp-content\/uploads\/usu484\/2026\/02\/1.png 882w, https:\/\/agora.xtec.cat\/instarragona\/wp-content\/uploads\/usu484\/2026\/02\/1-300x230.png 300w, https:\/\/agora.xtec.cat\/instarragona\/wp-content\/uploads\/usu484\/2026\/02\/1-768x589.png 768w\" sizes=\"auto, (max-width: 882px) 100vw, 882px\" \/><\/p>\n<p data-start=\"686\" data-end=\"871\" data-is-last-node=\"\" data-is-only-node=\"\"><img loading=\"lazy\" decoding=\"async\" class=\"aligncenter size-full wp-image-6810\" src=\"https:\/\/agora.xtec.cat\/instarragona\/wp-content\/uploads\/usu484\/2026\/02\/2-1.png\" alt=\"\" width=\"886\" height=\"667\" srcset=\"https:\/\/agora.xtec.cat\/instarragona\/wp-content\/uploads\/usu484\/2026\/02\/2-1.png 886w, https:\/\/agora.xtec.cat\/instarragona\/wp-content\/uploads\/usu484\/2026\/02\/2-1-300x226.png 300w, https:\/\/agora.xtec.cat\/instarragona\/wp-content\/uploads\/usu484\/2026\/02\/2-1-768x578.png 768w, https:\/\/agora.xtec.cat\/instarragona\/wp-content\/uploads\/usu484\/2026\/02\/2-1-200x150.png 200w\" sizes=\"auto, (max-width: 886px) 100vw, 886px\" \/><\/p>\n<p data-start=\"686\" data-end=\"871\" data-is-last-node=\"\" data-is-only-node=\"\"><img loading=\"lazy\" decoding=\"async\" class=\"aligncenter size-full wp-image-6811\" src=\"https:\/\/agora.xtec.cat\/instarragona\/wp-content\/uploads\/usu484\/2026\/02\/3.png\" alt=\"\" width=\"902\" height=\"660\" srcset=\"https:\/\/agora.xtec.cat\/instarragona\/wp-content\/uploads\/usu484\/2026\/02\/3.png 902w, https:\/\/agora.xtec.cat\/instarragona\/wp-content\/uploads\/usu484\/2026\/02\/3-300x220.png 300w, https:\/\/agora.xtec.cat\/instarragona\/wp-content\/uploads\/usu484\/2026\/02\/3-768x562.png 768w\" sizes=\"auto, (max-width: 902px) 100vw, 902px\" \/><\/p>\n<p data-start=\"686\" data-end=\"871\" data-is-last-node=\"\" data-is-only-node=\"\">\n<\/div>\n<\/div>\n<\/div>\n<\/div>\n<div class=\"mt-3 w-full empty:hidden\">\n<div class=\"text-center\"><\/div>\n<\/div>\n<\/div>\n<\/div>\n<\/article>\n<\/div>\n<\/div>\n<div><\/div>\n","protected":false},"excerpt":{"rendered":"<p>Amb els alumnes d\u2019alemany de primera i segona llengua de 1r d\u2019ESO hem realitzat una gimcana ling\u00fc\u00edstica centrada en la cultura, el vocabulari i la gram\u00e0tica. A trav\u00e9s de diferents proves i reptes, l\u2019alumnat ha pogut treballar continguts de manera din\u00e0mica i participativa, posant en&hellip;  <a href=\"https:\/\/agora.xtec.cat\/instarragona\/eso\/eso-1\/deutsch-en-accio\/\" title=\"Read Deutsch en acci\u00f3!\">Llegeix m\u00e9s\u00bb<\/a><\/p>\n","protected":false},"author":1,"featured_media":6810,"comment_status":"open","ping_status":"open","sticky":false,"template":"","format":"standard","meta":{"_bbp_topic_count":0,"_bbp_reply_count":0,"_bbp_total_topic_count":0,"_bbp_total_reply_count":0,"_bbp_voice_count":0,"_bbp_anonymous_reply_count":0,"_bbp_topic_count_hidden":0,"_bbp_reply_count_hidden":0,"_bbp_forum_subforum_count":0,"footnotes":""},"categories":[4,29],"tags":[108,135],"class_list":["post-6808","post","type-post","status-publish","format-standard","has-post-thumbnail","hentry","category-eso-1","category-portada","tag-activitats","tag-alemany"],"post_mailing_queue_ids":[],"_links":{"self":[{"href":"https:\/\/agora.xtec.cat\/instarragona\/wp-json\/wp\/v2\/posts\/6808","targetHints":{"allow":["GET"]}}],"collection":[{"href":"https:\/\/agora.xtec.cat\/instarragona\/wp-json\/wp\/v2\/posts"}],"about":[{"href":"https:\/\/agora.xtec.cat\/instarragona\/wp-json\/wp\/v2\/types\/post"}],"author":[{"embeddable":true,"href":"https:\/\/agora.xtec.cat\/instarragona\/wp-json\/wp\/v2\/users\/1"}],"replies":[{"embeddable":true,"href":"https:\/\/agora.xtec.cat\/instarragona\/wp-json\/wp\/v2\/comments?post=6808"}],"version-history":[{"count":2,"href":"https:\/\/agora.xtec.cat\/instarragona\/wp-json\/wp\/v2\/posts\/6808\/revisions"}],"predecessor-version":[{"id":6813,"href":"https:\/\/agora.xtec.cat\/instarragona\/wp-json\/wp\/v2\/posts\/6808\/revisions\/6813"}],"wp:featuredmedia":[{"embeddable":true,"href":"https:\/\/agora.xtec.cat\/instarragona\/wp-json\/wp\/v2\/media\/6810"}],"wp:attachment":[{"href":"https:\/\/agora.xtec.cat\/instarragona\/wp-json\/wp\/v2\/media?parent=6808"}],"wp:term":[{"taxonomy":"category","embeddable":true,"href":"https:\/\/agora.xtec.cat\/instarragona\/wp-json\/wp\/v2\/categories?post=6808"},{"taxonomy":"post_tag","embeddable":true,"href":"https:\/\/agora.xtec.cat\/instarragona\/wp-json\/wp\/v2\/tags?post=6808"}],"curies":[{"name":"wp","href":"https:\/\/api.w.org\/{rel}","templated":true}]}}