{"id":6786,"date":"2026-02-12T09:11:13","date_gmt":"2026-02-12T08:11:13","guid":{"rendered":"https:\/\/agora.xtec.cat\/instarragona\/?p=6786"},"modified":"2026-02-12T09:11:13","modified_gmt":"2026-02-12T08:11:13","slug":"servei-comunitari-pel-medi-ambient","status":"publish","type":"post","link":"https:\/\/agora.xtec.cat\/instarragona\/eso\/eso-4\/servei-comunitari-pel-medi-ambient\/","title":{"rendered":"Servei comunitari pel medi ambient"},"content":{"rendered":"<div id=\":1cj\" class=\"ii gt\">\n<div id=\":1da\" class=\"a3s aiL\">\n<div id=\"avWBGd-303\">\n<div dir=\"ltr\">\n<p>Els alumnes que faran el servei comunitari amb el GEPEC ja han tingut la primera aproximaci\u00f3 amb l&#8217;entitat. Ha estat una xerrada molt interessant per con\u00e8ixer de primera m\u00e0 els reptes que es proposen. A partir del mar\u00e7 comen\u00e7aran in situ al Mur verd.<\/p>\n<p>El <strong><a href=\"https:\/\/gepec.cat\/custodia\/mur-verd\/\" target=\"_blank\" rel=\"noopener\">Mur Verd<\/a><\/strong> \u00e9s un\u00a0extens territori de m\u00e9s de 40 ha, entre zones urbanitzades i ind\u00fastria que pret\u00e9n ser un\u00a0gran parc periurb\u00e0 destinat a constituir una pantalla verda, una barrera ecol\u00f2gica, psicol\u00f2gica, visual i ac\u00fastica entre els nuclis de La Canonja i Bonavista.<\/p>\n<\/div>\n<p class=\"yj6qo\"><img loading=\"lazy\" decoding=\"async\" class=\"aligncenter size-full wp-image-6787\" src=\"https:\/\/agora.xtec.cat\/instarragona\/wp-content\/uploads\/usu484\/2026\/02\/Captura-de-pantalla-2026-02-12-090731.png\" alt=\"\" width=\"844\" height=\"559\" srcset=\"https:\/\/agora.xtec.cat\/instarragona\/wp-content\/uploads\/usu484\/2026\/02\/Captura-de-pantalla-2026-02-12-090731.png 844w, https:\/\/agora.xtec.cat\/instarragona\/wp-content\/uploads\/usu484\/2026\/02\/Captura-de-pantalla-2026-02-12-090731-300x199.png 300w, https:\/\/agora.xtec.cat\/instarragona\/wp-content\/uploads\/usu484\/2026\/02\/Captura-de-pantalla-2026-02-12-090731-768x509.png 768w\" sizes=\"auto, (max-width: 844px) 100vw, 844px\" \/><\/p>\n<p class=\"adL\">\n<\/div>\n<\/div>\n<\/div>\n<p id=\":1cr\" class=\"hq gt\">\n","protected":false},"excerpt":{"rendered":"<p>Els alumnes que faran el servei comunitari amb el GEPEC ja han tingut la primera aproximaci\u00f3 amb l&#8217;entitat. Ha estat una xerrada molt interessant per con\u00e8ixer de primera m\u00e0 els reptes que es proposen. A partir del mar\u00e7 comen\u00e7aran in situ al Mur verd.<br \/>\nEl <a&hellip;  <a href=\"https:\/\/agora.xtec.cat\/instarragona\/eso\/eso-4\/servei-comunitari-pel-medi-ambient\/\" title=\"Read Servei comunitari pel medi ambient\">Llegeix m\u00e9s\u00bb<\/a><\/p>\n","protected":false},"author":1,"featured_media":6788,"comment_status":"open","ping_status":"open","sticky":false,"template":"","format":"standard","meta":{"_bbp_topic_count":0,"_bbp_reply_count":0,"_bbp_total_topic_count":0,"_bbp_total_reply_count":0,"_bbp_voice_count":0,"_bbp_anonymous_reply_count":0,"_bbp_topic_count_hidden":0,"_bbp_reply_count_hidden":0,"_bbp_forum_subforum_count":0,"footnotes":""},"categories":[7,29],"tags":[99,142],"class_list":["post-6786","post","type-post","status-publish","format-standard","has-post-thumbnail","hentry","category-eso-4","category-portada","tag-projectes","tag-servei-comunitari"],"post_mailing_queue_ids":[],"_links":{"self":[{"href":"https:\/\/agora.xtec.cat\/instarragona\/wp-json\/wp\/v2\/posts\/6786","targetHints":{"allow":["GET"]}}],"collection":[{"href":"https:\/\/agora.xtec.cat\/instarragona\/wp-json\/wp\/v2\/posts"}],"about":[{"href":"https:\/\/agora.xtec.cat\/instarragona\/wp-json\/wp\/v2\/types\/post"}],"author":[{"embeddable":true,"href":"https:\/\/agora.xtec.cat\/instarragona\/wp-json\/wp\/v2\/users\/1"}],"replies":[{"embeddable":true,"href":"https:\/\/agora.xtec.cat\/instarragona\/wp-json\/wp\/v2\/comments?post=6786"}],"version-history":[{"count":1,"href":"https:\/\/agora.xtec.cat\/instarragona\/wp-json\/wp\/v2\/posts\/6786\/revisions"}],"predecessor-version":[{"id":6789,"href":"https:\/\/agora.xtec.cat\/instarragona\/wp-json\/wp\/v2\/posts\/6786\/revisions\/6789"}],"wp:featuredmedia":[{"embeddable":true,"href":"https:\/\/agora.xtec.cat\/instarragona\/wp-json\/wp\/v2\/media\/6788"}],"wp:attachment":[{"href":"https:\/\/agora.xtec.cat\/instarragona\/wp-json\/wp\/v2\/media?parent=6786"}],"wp:term":[{"taxonomy":"category","embeddable":true,"href":"https:\/\/agora.xtec.cat\/instarragona\/wp-json\/wp\/v2\/categories?post=6786"},{"taxonomy":"post_tag","embeddable":true,"href":"https:\/\/agora.xtec.cat\/instarragona\/wp-json\/wp\/v2\/tags?post=6786"}],"curies":[{"name":"wp","href":"https:\/\/api.w.org\/{rel}","templated":true}]}}