{"id":6778,"date":"2026-02-12T09:00:57","date_gmt":"2026-02-12T08:00:57","guid":{"rendered":"https:\/\/agora.xtec.cat\/instarragona\/?p=6778"},"modified":"2026-02-12T09:18:35","modified_gmt":"2026-02-12T08:18:35","slug":"copa-cangur","status":"publish","type":"post","link":"https:\/\/agora.xtec.cat\/instarragona\/eso\/eso-2\/copa-cangur\/","title":{"rendered":"Copa Cangur"},"content":{"rendered":"<p>Com calia esperar, estem participant a les Cangur. Felicitar als nostres representants a la <strong><a href=\"https:\/\/drive.google.com\/drive\/folders\/1QKcGLGpMWW5lKczxElUL8Ze7XRo7tcqT?usp=drive_link\" target=\"_blank\" rel=\"noopener\">Copa Cangur<\/a><\/strong>, una emocionant competici\u00f3 de matem\u00e0tiques per equips adre\u00e7ada a estudiants d\u2019ESO organitzada per la Societat Catalana de Matem\u00e0tiques. Cada equip disposa d\u2019una hora per resoldre un conjunt de problemes matem\u00e0tics i estrat\u00e8gics, en qu\u00e8 no nom\u00e9s compta el domini dels continguts, sin\u00f3 tamb\u00e9 la planificaci\u00f3 i la col\u00b7laboraci\u00f3 entre els components de cada grup.<\/p>\n<p>Nois, noies, ja sabem que no sempre s&#8217;arriba al p\u00f2dium \ud83d\ude1c\u200b.<\/p>\n<p>Per cert, ara toca preparar-se per la prova Cangur \u00a0\u00c0nims!!!! <img loading=\"lazy\" decoding=\"async\" class=\"an1\" draggable=\"false\" src=\"https:\/\/fonts.gstatic.com\/s\/e\/notoemoji\/16.0\/1f998\/72.png\" alt=\"\ud83e\udd98\" width=\"42\" height=\"42\" data-emoji=\"\ud83e\udd98\" aria-label=\"\ud83e\udd98\" \/><\/p>\n<p><img loading=\"lazy\" decoding=\"async\" class=\"aligncenter size-full wp-image-6780\" src=\"https:\/\/agora.xtec.cat\/instarragona\/wp-content\/uploads\/usu484\/2026\/02\/Captura-de-pantalla-2026-02-12-085901.png\" alt=\"\" width=\"585\" height=\"388\" srcset=\"https:\/\/agora.xtec.cat\/instarragona\/wp-content\/uploads\/usu484\/2026\/02\/Captura-de-pantalla-2026-02-12-085901.png 585w, https:\/\/agora.xtec.cat\/instarragona\/wp-content\/uploads\/usu484\/2026\/02\/Captura-de-pantalla-2026-02-12-085901-300x199.png 300w\" sizes=\"auto, (max-width: 585px) 100vw, 585px\" \/><\/p>\n<p style=\"text-align: center;\"><img loading=\"lazy\" decoding=\"async\" class=\"aligncenter size-full wp-image-6779\" src=\"https:\/\/agora.xtec.cat\/instarragona\/wp-content\/uploads\/usu484\/2026\/02\/Captura-de-pantalla-2026-02-12-085827.png\" alt=\"\" width=\"940\" height=\"661\" srcset=\"https:\/\/agora.xtec.cat\/instarragona\/wp-content\/uploads\/usu484\/2026\/02\/Captura-de-pantalla-2026-02-12-085827.png 940w, https:\/\/agora.xtec.cat\/instarragona\/wp-content\/uploads\/usu484\/2026\/02\/Captura-de-pantalla-2026-02-12-085827-300x211.png 300w, https:\/\/agora.xtec.cat\/instarragona\/wp-content\/uploads\/usu484\/2026\/02\/Captura-de-pantalla-2026-02-12-085827-768x540.png 768w\" sizes=\"auto, (max-width: 940px) 100vw, 940px\" \/><\/p>\n<p>&nbsp;<\/p>\n","protected":false},"excerpt":{"rendered":"<p>Com calia esperar, estem participant a les Cangur. Felicitar als nostres representants a la <a href=\"https:\/\/drive.google.com\/drive\/folders\/1QKcGLGpMWW5lKczxElUL8Ze7XRo7tcqT?usp=drive_link\" target=\"_blank\" rel=\"noopener\">Copa Cangur<\/a>, una emocionant competici\u00f3 de matem\u00e0tiques per equips adre\u00e7ada a estudiants d\u2019ESO organitzada per la Societat Catalana de Matem\u00e0tiques. Cada equip disposa d\u2019una hora per resoldre un&hellip;  <a href=\"https:\/\/agora.xtec.cat\/instarragona\/eso\/eso-2\/copa-cangur\/\" title=\"Read Copa Cangur\">Llegeix m\u00e9s\u00bb<\/a><\/p>\n","protected":false},"author":1,"featured_media":6779,"comment_status":"open","ping_status":"open","sticky":false,"template":"","format":"standard","meta":{"_bbp_topic_count":0,"_bbp_reply_count":0,"_bbp_total_topic_count":0,"_bbp_total_reply_count":0,"_bbp_voice_count":0,"_bbp_anonymous_reply_count":0,"_bbp_topic_count_hidden":0,"_bbp_reply_count_hidden":0,"_bbp_forum_subforum_count":0,"footnotes":""},"categories":[5,29],"tags":[104,41],"class_list":["post-6778","post","type-post","status-publish","format-standard","has-post-thumbnail","hentry","category-eso-2","category-portada","tag-concursos","tag-matematiques"],"post_mailing_queue_ids":[],"_links":{"self":[{"href":"https:\/\/agora.xtec.cat\/instarragona\/wp-json\/wp\/v2\/posts\/6778","targetHints":{"allow":["GET"]}}],"collection":[{"href":"https:\/\/agora.xtec.cat\/instarragona\/wp-json\/wp\/v2\/posts"}],"about":[{"href":"https:\/\/agora.xtec.cat\/instarragona\/wp-json\/wp\/v2\/types\/post"}],"author":[{"embeddable":true,"href":"https:\/\/agora.xtec.cat\/instarragona\/wp-json\/wp\/v2\/users\/1"}],"replies":[{"embeddable":true,"href":"https:\/\/agora.xtec.cat\/instarragona\/wp-json\/wp\/v2\/comments?post=6778"}],"version-history":[{"count":2,"href":"https:\/\/agora.xtec.cat\/instarragona\/wp-json\/wp\/v2\/posts\/6778\/revisions"}],"predecessor-version":[{"id":6797,"href":"https:\/\/agora.xtec.cat\/instarragona\/wp-json\/wp\/v2\/posts\/6778\/revisions\/6797"}],"wp:featuredmedia":[{"embeddable":true,"href":"https:\/\/agora.xtec.cat\/instarragona\/wp-json\/wp\/v2\/media\/6779"}],"wp:attachment":[{"href":"https:\/\/agora.xtec.cat\/instarragona\/wp-json\/wp\/v2\/media?parent=6778"}],"wp:term":[{"taxonomy":"category","embeddable":true,"href":"https:\/\/agora.xtec.cat\/instarragona\/wp-json\/wp\/v2\/categories?post=6778"},{"taxonomy":"post_tag","embeddable":true,"href":"https:\/\/agora.xtec.cat\/instarragona\/wp-json\/wp\/v2\/tags?post=6778"}],"curies":[{"name":"wp","href":"https:\/\/api.w.org\/{rel}","templated":true}]}}