{"id":6768,"date":"2026-02-12T08:48:32","date_gmt":"2026-02-12T07:48:32","guid":{"rendered":"https:\/\/agora.xtec.cat\/instarragona\/?p=6768"},"modified":"2026-02-12T09:13:05","modified_gmt":"2026-02-12T08:13:05","slug":"per-la-pau","status":"publish","type":"post","link":"https:\/\/agora.xtec.cat\/instarragona\/portada\/per-la-pau\/","title":{"rendered":"Per la PAU!"},"content":{"rendered":"<p>Vam celebrar el dia de la pau. Durant el pati, l\u2019alumnat va cantat, va recitar poemes i va compartir frases reflexives en angl\u00e8s, omplint el centre d\u2019emoci\u00f3 i comprom\u00eds. Al vest\u00edbul, els missatges de pau ens recordaven que junts constru\u00efm un millor m\u00e7on i al taller de tecnologia les m\u00e0quines simples es movien al ritme dels missatges que ens encoratjaven a una millor conviv\u00e8ncia a l&#8217;institut.<\/p>\n<p>Gr\u00e0cies a tots els que hi vau <a href=\"https:\/\/drive.google.com\/drive\/folders\/1e56gLuwpJ1SFz82XbHn5Y8zVOKa7Vl3B?usp=drive_link\" target=\"_blank\" rel=\"noopener\">participar<\/a> per fer del nostre centre un espai de pau i conviv\u00e8ncia.<\/p>\n<p><img loading=\"lazy\" decoding=\"async\" class=\"an1\" draggable=\"false\" src=\"https:\/\/fonts.gstatic.com\/s\/e\/notoemoji\/16.0\/2728\/72.png\" alt=\"\u2728\" width=\"25\" height=\"25\" data-emoji=\"\u2728\" aria-label=\"\u2728\" \/><img loading=\"lazy\" decoding=\"async\" class=\"an1\" draggable=\"false\" src=\"https:\/\/fonts.gstatic.com\/s\/e\/notoemoji\/16.0\/1f3b6\/72.png\" alt=\"\ud83c\udfb6\" width=\"35\" height=\"35\" data-emoji=\"\ud83c\udfb6\" aria-label=\"\ud83c\udfb6\" \/><img loading=\"lazy\" decoding=\"async\" class=\"an1\" draggable=\"false\" src=\"https:\/\/fonts.gstatic.com\/s\/e\/notoemoji\/16.0\/1f4d6\/72.png\" alt=\"\ud83d\udcd6\" width=\"32\" height=\"32\" data-emoji=\"\ud83d\udcd6\" aria-label=\"\ud83d\udcd6\" \/><img loading=\"lazy\" decoding=\"async\" class=\"an1\" draggable=\"false\" src=\"https:\/\/fonts.gstatic.com\/s\/e\/notoemoji\/16.0\/1f90d\/72.png\" alt=\"\ud83e\udd0d\" width=\"27\" height=\"27\" data-emoji=\"\ud83e\udd0d\" aria-label=\"\ud83e\udd0d\" \/><\/p>\n<p style=\"text-align: center;\"><img loading=\"lazy\" decoding=\"async\" class=\"aligncenter wp-image-6769\" src=\"https:\/\/agora.xtec.cat\/instarragona\/wp-content\/uploads\/usu484\/2026\/02\/Captura-de-pantalla-2026-02-12-082900.png\" alt=\"\" width=\"677\" height=\"379\" srcset=\"https:\/\/agora.xtec.cat\/instarragona\/wp-content\/uploads\/usu484\/2026\/02\/Captura-de-pantalla-2026-02-12-082900.png 805w, https:\/\/agora.xtec.cat\/instarragona\/wp-content\/uploads\/usu484\/2026\/02\/Captura-de-pantalla-2026-02-12-082900-300x168.png 300w, https:\/\/agora.xtec.cat\/instarragona\/wp-content\/uploads\/usu484\/2026\/02\/Captura-de-pantalla-2026-02-12-082900-768x430.png 768w\" sizes=\"auto, (max-width: 677px) 100vw, 677px\" \/><\/p>\n<p style=\"text-align: center;\"><img loading=\"lazy\" decoding=\"async\" class=\"aligncenter wp-image-6770\" src=\"https:\/\/agora.xtec.cat\/instarragona\/wp-content\/uploads\/usu484\/2026\/02\/Captura-de-pantalla-2026-02-12-084239.png\" alt=\"\" width=\"520\" height=\"367\" srcset=\"https:\/\/agora.xtec.cat\/instarragona\/wp-content\/uploads\/usu484\/2026\/02\/Captura-de-pantalla-2026-02-12-084239.png 693w, https:\/\/agora.xtec.cat\/instarragona\/wp-content\/uploads\/usu484\/2026\/02\/Captura-de-pantalla-2026-02-12-084239-300x212.png 300w\" sizes=\"auto, (max-width: 520px) 100vw, 520px\" \/><\/p>\n<table style=\"border-collapse: collapse; width: 100%;\">\n<tbody>\n<tr>\n<td style=\"width: 50%; text-align: center;\"><img loading=\"lazy\" decoding=\"async\" class=\"aligncenter size-full wp-image-6771\" src=\"https:\/\/agora.xtec.cat\/instarragona\/wp-content\/uploads\/usu484\/2026\/02\/Captura-de-pantalla-2026-02-12-082924.png\" alt=\"\" width=\"364\" height=\"714\" srcset=\"https:\/\/agora.xtec.cat\/instarragona\/wp-content\/uploads\/usu484\/2026\/02\/Captura-de-pantalla-2026-02-12-082924.png 364w, https:\/\/agora.xtec.cat\/instarragona\/wp-content\/uploads\/usu484\/2026\/02\/Captura-de-pantalla-2026-02-12-082924-153x300.png 153w\" sizes=\"auto, (max-width: 364px) 100vw, 364px\" \/><\/td>\n<td style=\"width: 50%; text-align: center;\"><img loading=\"lazy\" decoding=\"async\" class=\"aligncenter size-full wp-image-6772\" src=\"https:\/\/agora.xtec.cat\/instarragona\/wp-content\/uploads\/usu484\/2026\/02\/Captura-de-pantalla-2026-02-12-083005.png\" alt=\"\" width=\"379\" height=\"514\" srcset=\"https:\/\/agora.xtec.cat\/instarragona\/wp-content\/uploads\/usu484\/2026\/02\/Captura-de-pantalla-2026-02-12-083005.png 379w, https:\/\/agora.xtec.cat\/instarragona\/wp-content\/uploads\/usu484\/2026\/02\/Captura-de-pantalla-2026-02-12-083005-221x300.png 221w\" sizes=\"auto, (max-width: 379px) 100vw, 379px\" \/><\/td>\n<\/tr>\n<\/tbody>\n<\/table>\n<table style=\"border-collapse: collapse; width: 100%;\">\n<tbody>\n<tr>\n<td style=\"width: 50%; text-align: center;\"><img loading=\"lazy\" decoding=\"async\" class=\"aligncenter size-full wp-image-6773\" src=\"https:\/\/agora.xtec.cat\/instarragona\/wp-content\/uploads\/usu484\/2026\/02\/Captura-de-pantalla-2026-02-12-084555.png\" alt=\"\" width=\"822\" height=\"466\" srcset=\"https:\/\/agora.xtec.cat\/instarragona\/wp-content\/uploads\/usu484\/2026\/02\/Captura-de-pantalla-2026-02-12-084555.png 822w, https:\/\/agora.xtec.cat\/instarragona\/wp-content\/uploads\/usu484\/2026\/02\/Captura-de-pantalla-2026-02-12-084555-300x170.png 300w, https:\/\/agora.xtec.cat\/instarragona\/wp-content\/uploads\/usu484\/2026\/02\/Captura-de-pantalla-2026-02-12-084555-768x435.png 768w\" sizes=\"auto, (max-width: 822px) 100vw, 822px\" \/><\/td>\n<td style=\"width: 50%; text-align: center;\"><img loading=\"lazy\" decoding=\"async\" class=\"aligncenter wp-image-6775\" src=\"https:\/\/agora.xtec.cat\/instarragona\/wp-content\/uploads\/usu484\/2026\/02\/Captura-de-pantalla-2026-02-12-084529.png\" alt=\"\" width=\"306\" height=\"198\" srcset=\"https:\/\/agora.xtec.cat\/instarragona\/wp-content\/uploads\/usu484\/2026\/02\/Captura-de-pantalla-2026-02-12-084529.png 921w, https:\/\/agora.xtec.cat\/instarragona\/wp-content\/uploads\/usu484\/2026\/02\/Captura-de-pantalla-2026-02-12-084529-300x194.png 300w, https:\/\/agora.xtec.cat\/instarragona\/wp-content\/uploads\/usu484\/2026\/02\/Captura-de-pantalla-2026-02-12-084529-768x498.png 768w\" sizes=\"auto, (max-width: 306px) 100vw, 306px\" \/><\/td>\n<\/tr>\n<\/tbody>\n<\/table>\n<p style=\"text-align: center;\"><img loading=\"lazy\" decoding=\"async\" class=\"aligncenter size-full wp-image-6790\" src=\"https:\/\/agora.xtec.cat\/instarragona\/wp-content\/uploads\/usu484\/2026\/02\/Captura-de-pantalla-2026-02-12-091202.png\" alt=\"\" width=\"589\" height=\"415\" srcset=\"https:\/\/agora.xtec.cat\/instarragona\/wp-content\/uploads\/usu484\/2026\/02\/Captura-de-pantalla-2026-02-12-091202.png 589w, https:\/\/agora.xtec.cat\/instarragona\/wp-content\/uploads\/usu484\/2026\/02\/Captura-de-pantalla-2026-02-12-091202-300x211.png 300w\" sizes=\"auto, (max-width: 589px) 100vw, 589px\" \/><\/p>\n","protected":false},"excerpt":{"rendered":"<p>Vam celebrar el dia de la pau. Durant el pati, l\u2019alumnat va cantat, va recitar poemes i va compartir frases reflexives en angl\u00e8s, omplint el centre d\u2019emoci\u00f3 i comprom\u00eds. Al vest\u00edbul, els missatges de pau ens recordaven que junts constru\u00efm un millor m\u00e7on i al&hellip;  <a href=\"https:\/\/agora.xtec.cat\/instarragona\/portada\/per-la-pau\/\" title=\"Read Per la PAU!\">Llegeix m\u00e9s\u00bb<\/a><\/p>\n","protected":false},"author":1,"featured_media":6770,"comment_status":"open","ping_status":"open","sticky":false,"template":"","format":"standard","meta":{"_bbp_topic_count":0,"_bbp_reply_count":0,"_bbp_total_topic_count":0,"_bbp_total_reply_count":0,"_bbp_voice_count":0,"_bbp_anonymous_reply_count":0,"_bbp_topic_count_hidden":0,"_bbp_reply_count_hidden":0,"_bbp_forum_subforum_count":0,"footnotes":""},"categories":[29],"tags":[108],"class_list":["post-6768","post","type-post","status-publish","format-standard","has-post-thumbnail","hentry","category-portada","tag-activitats"],"post_mailing_queue_ids":[],"_links":{"self":[{"href":"https:\/\/agora.xtec.cat\/instarragona\/wp-json\/wp\/v2\/posts\/6768","targetHints":{"allow":["GET"]}}],"collection":[{"href":"https:\/\/agora.xtec.cat\/instarragona\/wp-json\/wp\/v2\/posts"}],"about":[{"href":"https:\/\/agora.xtec.cat\/instarragona\/wp-json\/wp\/v2\/types\/post"}],"author":[{"embeddable":true,"href":"https:\/\/agora.xtec.cat\/instarragona\/wp-json\/wp\/v2\/users\/1"}],"replies":[{"embeddable":true,"href":"https:\/\/agora.xtec.cat\/instarragona\/wp-json\/wp\/v2\/comments?post=6768"}],"version-history":[{"count":3,"href":"https:\/\/agora.xtec.cat\/instarragona\/wp-json\/wp\/v2\/posts\/6768\/revisions"}],"predecessor-version":[{"id":6791,"href":"https:\/\/agora.xtec.cat\/instarragona\/wp-json\/wp\/v2\/posts\/6768\/revisions\/6791"}],"wp:featuredmedia":[{"embeddable":true,"href":"https:\/\/agora.xtec.cat\/instarragona\/wp-json\/wp\/v2\/media\/6770"}],"wp:attachment":[{"href":"https:\/\/agora.xtec.cat\/instarragona\/wp-json\/wp\/v2\/media?parent=6768"}],"wp:term":[{"taxonomy":"category","embeddable":true,"href":"https:\/\/agora.xtec.cat\/instarragona\/wp-json\/wp\/v2\/categories?post=6768"},{"taxonomy":"post_tag","embeddable":true,"href":"https:\/\/agora.xtec.cat\/instarragona\/wp-json\/wp\/v2\/tags?post=6768"}],"curies":[{"name":"wp","href":"https:\/\/api.w.org\/{rel}","templated":true}]}}