{"id":6764,"date":"2026-02-12T08:22:20","date_gmt":"2026-02-12T07:22:20","guid":{"rendered":"https:\/\/agora.xtec.cat\/instarragona\/?p=6764"},"modified":"2026-02-12T08:22:20","modified_gmt":"2026-02-12T07:22:20","slug":"construint-relacions-sanes-des-de-ladolescencia","status":"publish","type":"post","link":"https:\/\/agora.xtec.cat\/instarragona\/eso\/eso-3\/construint-relacions-sanes-des-de-ladolescencia\/","title":{"rendered":"Construint relacions sanes des de l\u2019adolesc\u00e8ncia"},"content":{"rendered":"<p data-start=\"132\" data-end=\"333\">Aquesta setmana, l\u2019alumnat de 3r d\u2019ESO ha comen\u00e7at el cicle de xerrades a c\u00e0rrec de la nostra infermera de refer\u00e8ncia, centrada en les relacions afectives, la sexualitat i el consentiment.<\/p>\n<p data-start=\"335\" data-end=\"733\">Durant la sessi\u00f3 s&#8217;abordaran temes com la import\u00e0ncia del respecte mutu, la comunicaci\u00f3 en les relacions, la presa de decisions responsables i el valor del consentiment com a base de qualsevol relaci\u00f3 sana. L\u2019alumnat va poder expressar dubtes, reflexions i inquietuds en un espai segur i de confian\u00e7a, fomentant aix\u00ed una educaci\u00f3 afectivosexual basada en el respecte, la igualtat i l\u2019autoestima.<\/p>\n<p style=\"text-align: center;\" data-start=\"335\" data-end=\"733\"><img loading=\"lazy\" decoding=\"async\" class=\"aligncenter size-full wp-image-6765\" src=\"https:\/\/agora.xtec.cat\/instarragona\/wp-content\/uploads\/usu484\/2026\/02\/Captura-de-pantalla-2026-02-12-081658.png\" alt=\"\" width=\"826\" height=\"457\" srcset=\"https:\/\/agora.xtec.cat\/instarragona\/wp-content\/uploads\/usu484\/2026\/02\/Captura-de-pantalla-2026-02-12-081658.png 826w, https:\/\/agora.xtec.cat\/instarragona\/wp-content\/uploads\/usu484\/2026\/02\/Captura-de-pantalla-2026-02-12-081658-300x166.png 300w, https:\/\/agora.xtec.cat\/instarragona\/wp-content\/uploads\/usu484\/2026\/02\/Captura-de-pantalla-2026-02-12-081658-768x425.png 768w\" sizes=\"auto, (max-width: 826px) 100vw, 826px\" \/><\/p>\n","protected":false},"excerpt":{"rendered":"<p>Aquesta setmana, l\u2019alumnat de 3r d\u2019ESO ha comen\u00e7at el cicle de xerrades a c\u00e0rrec de la nostra infermera de refer\u00e8ncia, centrada en les relacions afectives, la sexualitat i el consentiment.<br \/>\nDurant la sessi\u00f3 s&#8217;abordaran temes com la import\u00e0ncia del respecte mutu, la comunicaci\u00f3 en les relacions,&hellip;  <a href=\"https:\/\/agora.xtec.cat\/instarragona\/eso\/eso-3\/construint-relacions-sanes-des-de-ladolescencia\/\" title=\"Read Construint relacions sanes des de l\u2019adolesc\u00e8ncia\">Llegeix m\u00e9s\u00bb<\/a><\/p>\n","protected":false},"author":1,"featured_media":6766,"comment_status":"open","ping_status":"open","sticky":false,"template":"","format":"standard","meta":{"_bbp_topic_count":0,"_bbp_reply_count":0,"_bbp_total_topic_count":0,"_bbp_total_reply_count":0,"_bbp_voice_count":0,"_bbp_anonymous_reply_count":0,"_bbp_topic_count_hidden":0,"_bbp_reply_count_hidden":0,"_bbp_forum_subforum_count":0,"footnotes":""},"categories":[6,29],"tags":[102,44],"class_list":["post-6764","post","type-post","status-publish","format-standard","has-post-thumbnail","hentry","category-eso-3","category-portada","tag-orientacio","tag-xerrades"],"post_mailing_queue_ids":[],"_links":{"self":[{"href":"https:\/\/agora.xtec.cat\/instarragona\/wp-json\/wp\/v2\/posts\/6764","targetHints":{"allow":["GET"]}}],"collection":[{"href":"https:\/\/agora.xtec.cat\/instarragona\/wp-json\/wp\/v2\/posts"}],"about":[{"href":"https:\/\/agora.xtec.cat\/instarragona\/wp-json\/wp\/v2\/types\/post"}],"author":[{"embeddable":true,"href":"https:\/\/agora.xtec.cat\/instarragona\/wp-json\/wp\/v2\/users\/1"}],"replies":[{"embeddable":true,"href":"https:\/\/agora.xtec.cat\/instarragona\/wp-json\/wp\/v2\/comments?post=6764"}],"version-history":[{"count":1,"href":"https:\/\/agora.xtec.cat\/instarragona\/wp-json\/wp\/v2\/posts\/6764\/revisions"}],"predecessor-version":[{"id":6767,"href":"https:\/\/agora.xtec.cat\/instarragona\/wp-json\/wp\/v2\/posts\/6764\/revisions\/6767"}],"wp:featuredmedia":[{"embeddable":true,"href":"https:\/\/agora.xtec.cat\/instarragona\/wp-json\/wp\/v2\/media\/6766"}],"wp:attachment":[{"href":"https:\/\/agora.xtec.cat\/instarragona\/wp-json\/wp\/v2\/media?parent=6764"}],"wp:term":[{"taxonomy":"category","embeddable":true,"href":"https:\/\/agora.xtec.cat\/instarragona\/wp-json\/wp\/v2\/categories?post=6764"},{"taxonomy":"post_tag","embeddable":true,"href":"https:\/\/agora.xtec.cat\/instarragona\/wp-json\/wp\/v2\/tags?post=6764"}],"curies":[{"name":"wp","href":"https:\/\/api.w.org\/{rel}","templated":true}]}}