{"id":6750,"date":"2026-01-30T08:27:01","date_gmt":"2026-01-30T07:27:01","guid":{"rendered":"https:\/\/agora.xtec.cat\/instarragona\/?p=6750"},"modified":"2026-02-12T09:14:41","modified_gmt":"2026-02-12T08:14:41","slug":"voleu-viure-en-una-ciutat-sostenible","status":"publish","type":"post","link":"https:\/\/agora.xtec.cat\/instarragona\/eso\/eso-3\/voleu-viure-en-una-ciutat-sostenible\/","title":{"rendered":"Voleu viure en una ciutat sostenible?"},"content":{"rendered":"<p>L\u2019alumnat de 3r d\u2019ESO a la mat\u00e8ria de Geografia i amb l\u2019objectiu de treballar l\u2019ODS 11 (fer de les ciutats espais inclusius, segurs, resilients i sostenibles) han dissenyat un projecte urban\u00edstic per a la seva ciutat ideal, alhora ecol\u00f2gica i sostenible.<\/p>\n<p style=\"text-align: center;\"><img loading=\"lazy\" decoding=\"async\" class=\"aligncenter wp-image-6754\" src=\"https:\/\/agora.xtec.cat\/instarragona\/wp-content\/uploads\/usu484\/2026\/01\/Captura-8.png\" alt=\"\" width=\"144\" height=\"155\" \/><\/p>\n<p>Han procurat que fos una ciutat bonica i agradable, planificant els diferents barris, amb una bona distribuci\u00f3 dels usos del s\u00f2l: habitatges, espais verds i edificis d\u2019usos terciaris (centres educatius, sanitaris, comer\u00e7os de primera necessitat, poliesportius&#8230;). Han pensat el transport p\u00fablic adient per reduir les emissions contaminants i la contaminaci\u00f3 ac\u00fastica. Tamb\u00e9 la gesti\u00f3 de residus, la neteja de la ciutat, com fomentar el reciclatge i l\u2019enllumenat<br \/>\nsostenible. Per \u00faltim, han dissenyat l\u2019entramat viari i la disposici\u00f3 dels edificis, han tingut en compte mesures per a<br \/>\nreduir les temperatures de la ciutat i la despesa energ\u00e8tica.<\/p>\n<table style=\"border-collapse: collapse; width: 100%;\">\n<tbody>\n<tr>\n<td style=\"width: 33.3333%; text-align: center;\"><img loading=\"lazy\" decoding=\"async\" class=\"aligncenter size-full wp-image-6753\" src=\"https:\/\/agora.xtec.cat\/instarragona\/wp-content\/uploads\/usu484\/2026\/01\/Captura-7.png\" alt=\"\" width=\"748\" height=\"525\" srcset=\"https:\/\/agora.xtec.cat\/instarragona\/wp-content\/uploads\/usu484\/2026\/01\/Captura-7.png 748w, https:\/\/agora.xtec.cat\/instarragona\/wp-content\/uploads\/usu484\/2026\/01\/Captura-7-300x211.png 300w\" sizes=\"auto, (max-width: 748px) 100vw, 748px\" \/><\/td>\n<td style=\"width: 33.3333%; text-align: center;\"><img loading=\"lazy\" decoding=\"async\" class=\"aligncenter size-full wp-image-6752\" src=\"https:\/\/agora.xtec.cat\/instarragona\/wp-content\/uploads\/usu484\/2026\/01\/3-2.png\" alt=\"\" width=\"808\" height=\"500\" srcset=\"https:\/\/agora.xtec.cat\/instarragona\/wp-content\/uploads\/usu484\/2026\/01\/3-2.png 808w, https:\/\/agora.xtec.cat\/instarragona\/wp-content\/uploads\/usu484\/2026\/01\/3-2-300x186.png 300w, https:\/\/agora.xtec.cat\/instarragona\/wp-content\/uploads\/usu484\/2026\/01\/3-2-768x475.png 768w\" sizes=\"auto, (max-width: 808px) 100vw, 808px\" \/><\/td>\n<td style=\"width: 33.3333%; text-align: center;\"><img loading=\"lazy\" decoding=\"async\" class=\"aligncenter size-full wp-image-6751\" src=\"https:\/\/agora.xtec.cat\/instarragona\/wp-content\/uploads\/usu484\/2026\/01\/2-3.png\" alt=\"\" width=\"941\" height=\"536\" srcset=\"https:\/\/agora.xtec.cat\/instarragona\/wp-content\/uploads\/usu484\/2026\/01\/2-3.png 941w, https:\/\/agora.xtec.cat\/instarragona\/wp-content\/uploads\/usu484\/2026\/01\/2-3-300x171.png 300w, https:\/\/agora.xtec.cat\/instarragona\/wp-content\/uploads\/usu484\/2026\/01\/2-3-768x437.png 768w\" sizes=\"auto, (max-width: 941px) 100vw, 941px\" \/><\/td>\n<\/tr>\n<\/tbody>\n<\/table>\n<table style=\"border-collapse: collapse; width: 100%;\">\n<tbody>\n<tr>\n<td style=\"width: 50%; text-align: center;\"><img loading=\"lazy\" decoding=\"async\" class=\"aligncenter size-full wp-image-6793\" src=\"https:\/\/agora.xtec.cat\/instarragona\/wp-content\/uploads\/usu484\/2026\/01\/2-5.png\" alt=\"\" width=\"1219\" height=\"687\" srcset=\"https:\/\/agora.xtec.cat\/instarragona\/wp-content\/uploads\/usu484\/2026\/01\/2-5.png 1219w, https:\/\/agora.xtec.cat\/instarragona\/wp-content\/uploads\/usu484\/2026\/01\/2-5-300x169.png 300w, https:\/\/agora.xtec.cat\/instarragona\/wp-content\/uploads\/usu484\/2026\/01\/2-5-1024x577.png 1024w, https:\/\/agora.xtec.cat\/instarragona\/wp-content\/uploads\/usu484\/2026\/01\/2-5-768x433.png 768w\" sizes=\"auto, (max-width: 1219px) 100vw, 1219px\" \/><\/td>\n<td style=\"width: 50%; text-align: center;\"><img loading=\"lazy\" decoding=\"async\" class=\"aligncenter size-full wp-image-6794\" src=\"https:\/\/agora.xtec.cat\/instarragona\/wp-content\/uploads\/usu484\/2026\/01\/3-4.png\" alt=\"\" width=\"1146\" height=\"708\" srcset=\"https:\/\/agora.xtec.cat\/instarragona\/wp-content\/uploads\/usu484\/2026\/01\/3-4.png 1146w, https:\/\/agora.xtec.cat\/instarragona\/wp-content\/uploads\/usu484\/2026\/01\/3-4-300x185.png 300w, https:\/\/agora.xtec.cat\/instarragona\/wp-content\/uploads\/usu484\/2026\/01\/3-4-1024x633.png 1024w, https:\/\/agora.xtec.cat\/instarragona\/wp-content\/uploads\/usu484\/2026\/01\/3-4-768x474.png 768w\" sizes=\"auto, (max-width: 1146px) 100vw, 1146px\" \/><\/td>\n<\/tr>\n<\/tbody>\n<\/table>\n<p style=\"text-align: center;\"><img loading=\"lazy\" decoding=\"async\" class=\"aligncenter size-full wp-image-6792\" src=\"https:\/\/agora.xtec.cat\/instarragona\/wp-content\/uploads\/usu484\/2026\/01\/1-3.png\" alt=\"\" width=\"486\" height=\"660\" srcset=\"https:\/\/agora.xtec.cat\/instarragona\/wp-content\/uploads\/usu484\/2026\/01\/1-3.png 486w, https:\/\/agora.xtec.cat\/instarragona\/wp-content\/uploads\/usu484\/2026\/01\/1-3-221x300.png 221w\" sizes=\"auto, (max-width: 486px) 100vw, 486px\" \/><\/p>\n","protected":false},"excerpt":{"rendered":"<p>L\u2019alumnat de 3r d\u2019ESO a la mat\u00e8ria de Geografia i amb l\u2019objectiu de treballar l\u2019ODS 11 (fer de les ciutats espais inclusius, segurs, resilients i sostenibles) han dissenyat un projecte urban\u00edstic per a la seva ciutat ideal, alhora ecol\u00f2gica i sostenible.<\/p>\n<p>Han procurat que fos una&hellip;  <a href=\"https:\/\/agora.xtec.cat\/instarragona\/eso\/eso-3\/voleu-viure-en-una-ciutat-sostenible\/\" title=\"Read Voleu viure en una ciutat sostenible?\">Llegeix m\u00e9s\u00bb<\/a><\/p>\n","protected":false},"author":1,"featured_media":6753,"comment_status":"open","ping_status":"open","sticky":false,"template":"","format":"standard","meta":{"_bbp_topic_count":0,"_bbp_reply_count":0,"_bbp_total_topic_count":0,"_bbp_total_reply_count":0,"_bbp_voice_count":0,"_bbp_anonymous_reply_count":0,"_bbp_topic_count_hidden":0,"_bbp_reply_count_hidden":0,"_bbp_forum_subforum_count":0,"footnotes":""},"categories":[6,29],"tags":[133],"class_list":["post-6750","post","type-post","status-publish","format-standard","has-post-thumbnail","hentry","category-eso-3","category-portada","tag-geografia-i-historia"],"post_mailing_queue_ids":[],"_links":{"self":[{"href":"https:\/\/agora.xtec.cat\/instarragona\/wp-json\/wp\/v2\/posts\/6750","targetHints":{"allow":["GET"]}}],"collection":[{"href":"https:\/\/agora.xtec.cat\/instarragona\/wp-json\/wp\/v2\/posts"}],"about":[{"href":"https:\/\/agora.xtec.cat\/instarragona\/wp-json\/wp\/v2\/types\/post"}],"author":[{"embeddable":true,"href":"https:\/\/agora.xtec.cat\/instarragona\/wp-json\/wp\/v2\/users\/1"}],"replies":[{"embeddable":true,"href":"https:\/\/agora.xtec.cat\/instarragona\/wp-json\/wp\/v2\/comments?post=6750"}],"version-history":[{"count":2,"href":"https:\/\/agora.xtec.cat\/instarragona\/wp-json\/wp\/v2\/posts\/6750\/revisions"}],"predecessor-version":[{"id":6795,"href":"https:\/\/agora.xtec.cat\/instarragona\/wp-json\/wp\/v2\/posts\/6750\/revisions\/6795"}],"wp:featuredmedia":[{"embeddable":true,"href":"https:\/\/agora.xtec.cat\/instarragona\/wp-json\/wp\/v2\/media\/6753"}],"wp:attachment":[{"href":"https:\/\/agora.xtec.cat\/instarragona\/wp-json\/wp\/v2\/media?parent=6750"}],"wp:term":[{"taxonomy":"category","embeddable":true,"href":"https:\/\/agora.xtec.cat\/instarragona\/wp-json\/wp\/v2\/categories?post=6750"},{"taxonomy":"post_tag","embeddable":true,"href":"https:\/\/agora.xtec.cat\/instarragona\/wp-json\/wp\/v2\/tags?post=6750"}],"curies":[{"name":"wp","href":"https:\/\/api.w.org\/{rel}","templated":true}]}}