{"id":6740,"date":"2026-01-26T08:57:08","date_gmt":"2026-01-26T07:57:08","guid":{"rendered":"https:\/\/agora.xtec.cat\/instarragona\/?p=6740"},"modified":"2026-01-26T08:57:39","modified_gmt":"2026-01-26T07:57:39","slug":"eficiencia-energetica-a-laula","status":"publish","type":"post","link":"https:\/\/agora.xtec.cat\/instarragona\/general\/eficiencia-energetica-a-laula\/","title":{"rendered":"Efici\u00e8ncia energ\u00e8tica a l&#8217;aula"},"content":{"rendered":"<p>L\u2019alumnat de 3r d&#8217;ESO ha participat en un taller d\u2019efici\u00e8ncia energ\u00e8tica dins del programa Escoles i Professi\u00f3 que organitza el Col\u00b7legi Oficial d&#8217;arquitectes t\u00e8cnics de tarragona. A trav\u00e9s d\u2019activitats pr\u00e0ctiques i en petit grup, han analitzat les condicions de confort de l\u2019aula (llum, temperatura, soroll i a\u00efllament) i han proposat idees per fer del centre un espai m\u00e9s sostenible. El taller els ha perm\u00e8s con\u00e8ixer de prop l\u2019arquitectura t\u00e8cnica i reflexionar sobre l\u2019\u00fas responsable dels recursos.<\/p>\n<p><img loading=\"lazy\" decoding=\"async\" class=\"aligncenter size-full wp-image-6741\" src=\"https:\/\/agora.xtec.cat\/instarragona\/wp-content\/uploads\/usu484\/2026\/01\/Captura-1.png\" alt=\"\" width=\"887\" height=\"451\" srcset=\"https:\/\/agora.xtec.cat\/instarragona\/wp-content\/uploads\/usu484\/2026\/01\/Captura-1.png 887w, https:\/\/agora.xtec.cat\/instarragona\/wp-content\/uploads\/usu484\/2026\/01\/Captura-1-300x153.png 300w, https:\/\/agora.xtec.cat\/instarragona\/wp-content\/uploads\/usu484\/2026\/01\/Captura-1-768x390.png 768w\" sizes=\"auto, (max-width: 887px) 100vw, 887px\" \/><\/p>\n<p><img loading=\"lazy\" decoding=\"async\" class=\"aligncenter size-full wp-image-6742\" src=\"https:\/\/agora.xtec.cat\/instarragona\/wp-content\/uploads\/usu484\/2026\/01\/Captura-2.png\" alt=\"\" width=\"756\" height=\"593\" srcset=\"https:\/\/agora.xtec.cat\/instarragona\/wp-content\/uploads\/usu484\/2026\/01\/Captura-2.png 756w, https:\/\/agora.xtec.cat\/instarragona\/wp-content\/uploads\/usu484\/2026\/01\/Captura-2-300x235.png 300w\" sizes=\"auto, (max-width: 756px) 100vw, 756px\" \/><\/p>\n<p style=\"text-align: center;\"><img loading=\"lazy\" decoding=\"async\" class=\"aligncenter size-full wp-image-6743\" src=\"https:\/\/agora.xtec.cat\/instarragona\/wp-content\/uploads\/usu484\/2026\/01\/Captura-3.png\" alt=\"\" width=\"486\" height=\"461\" srcset=\"https:\/\/agora.xtec.cat\/instarragona\/wp-content\/uploads\/usu484\/2026\/01\/Captura-3.png 486w, https:\/\/agora.xtec.cat\/instarragona\/wp-content\/uploads\/usu484\/2026\/01\/Captura-3-300x285.png 300w\" sizes=\"auto, (max-width: 486px) 100vw, 486px\" \/><\/p>\n<p>Moltes m\u00e9s imatges fent clic <a href=\"https:\/\/drive.google.com\/drive\/folders\/1wy0lTvDMWwSXN8IQ-vhJgw_s7B4DiR3-?usp=drive_link\" target=\"_blank\" rel=\"noopener\"><strong>aqu\u00ed<\/strong><\/a>.<\/p>\n<p>&nbsp;<\/p>\n","protected":false},"excerpt":{"rendered":"<p>L\u2019alumnat de 3r d&#8217;ESO ha participat en un taller d\u2019efici\u00e8ncia energ\u00e8tica dins del programa Escoles i Professi\u00f3 que organitza el Col\u00b7legi Oficial d&#8217;arquitectes t\u00e8cnics de tarragona. A trav\u00e9s d\u2019activitats pr\u00e0ctiques i en petit grup, han analitzat les condicions de confort de l\u2019aula (llum, temperatura, soroll&hellip;  <a href=\"https:\/\/agora.xtec.cat\/instarragona\/general\/eficiencia-energetica-a-laula\/\" title=\"Read Efici\u00e8ncia energ\u00e8tica a l&#8217;aula\">Llegeix m\u00e9s\u00bb<\/a><\/p>\n","protected":false},"author":1,"featured_media":6743,"comment_status":"open","ping_status":"open","sticky":false,"template":"","format":"standard","meta":{"_bbp_topic_count":0,"_bbp_reply_count":0,"_bbp_total_topic_count":0,"_bbp_total_reply_count":0,"_bbp_voice_count":0,"_bbp_anonymous_reply_count":0,"_bbp_topic_count_hidden":0,"_bbp_reply_count_hidden":0,"_bbp_forum_subforum_count":0,"footnotes":""},"categories":[6,1,29],"tags":[58,110],"class_list":["post-6740","post","type-post","status-publish","format-standard","has-post-thumbnail","hentry","category-eso-3","category-general","category-portada","tag-tallers","tag-tecnologia"],"post_mailing_queue_ids":[],"_links":{"self":[{"href":"https:\/\/agora.xtec.cat\/instarragona\/wp-json\/wp\/v2\/posts\/6740","targetHints":{"allow":["GET"]}}],"collection":[{"href":"https:\/\/agora.xtec.cat\/instarragona\/wp-json\/wp\/v2\/posts"}],"about":[{"href":"https:\/\/agora.xtec.cat\/instarragona\/wp-json\/wp\/v2\/types\/post"}],"author":[{"embeddable":true,"href":"https:\/\/agora.xtec.cat\/instarragona\/wp-json\/wp\/v2\/users\/1"}],"replies":[{"embeddable":true,"href":"https:\/\/agora.xtec.cat\/instarragona\/wp-json\/wp\/v2\/comments?post=6740"}],"version-history":[{"count":1,"href":"https:\/\/agora.xtec.cat\/instarragona\/wp-json\/wp\/v2\/posts\/6740\/revisions"}],"predecessor-version":[{"id":6744,"href":"https:\/\/agora.xtec.cat\/instarragona\/wp-json\/wp\/v2\/posts\/6740\/revisions\/6744"}],"wp:featuredmedia":[{"embeddable":true,"href":"https:\/\/agora.xtec.cat\/instarragona\/wp-json\/wp\/v2\/media\/6743"}],"wp:attachment":[{"href":"https:\/\/agora.xtec.cat\/instarragona\/wp-json\/wp\/v2\/media?parent=6740"}],"wp:term":[{"taxonomy":"category","embeddable":true,"href":"https:\/\/agora.xtec.cat\/instarragona\/wp-json\/wp\/v2\/categories?post=6740"},{"taxonomy":"post_tag","embeddable":true,"href":"https:\/\/agora.xtec.cat\/instarragona\/wp-json\/wp\/v2\/tags?post=6740"}],"curies":[{"name":"wp","href":"https:\/\/api.w.org\/{rel}","templated":true}]}}