{"id":6731,"date":"2026-01-26T08:34:55","date_gmt":"2026-01-26T07:34:55","guid":{"rendered":"https:\/\/agora.xtec.cat\/instarragona\/?p=6731"},"modified":"2026-01-26T08:34:55","modified_gmt":"2026-01-26T07:34:55","slug":"minecraft-a-la-etse-urv","status":"publish","type":"post","link":"https:\/\/agora.xtec.cat\/instarragona\/batxillerat\/minecraft-a-la-etse-urv\/","title":{"rendered":"Minecraft a la ETSE &#8211; URV"},"content":{"rendered":"<p>L\u2019alumnat de Tecnologia de 1r de Batxillerat ha participat en una sortida a l\u2019ETSE de la URV, on ha pogut apropar-se al m\u00f3n de la tecnologia i la inform\u00e0tica a trav\u00e9s de dos tallers pr\u00e0ctics. D\u2019una banda, el taller \u201cDades a la Boira: Funcionament i Impacte Mediambiental del N\u00favol\u201d ha perm\u00e8s reflexionar sobre com s\u2019emmagatzemen i es processen les dades, aix\u00ed com el seu impacte mediambiental. De l\u2019altra, el taller \u201cProgramaci\u00f3 en Minecraft: descobreix el poder de Python en un m\u00f3n tridimensional\u201d ha introdu\u00eft l\u2019alumnat a la programaci\u00f3 d\u2019una manera l\u00fadica i creativa.<\/p>\n<p dir=\"auto\">Aquesta experi\u00e8ncia ha estat una oportunitat molt enriquidora per connectar els continguts treballats a l\u2019aula amb aplicacions reals i l\u2019entorn universitari.<\/p>\n<p dir=\"auto\" style=\"text-align: center;\"><img loading=\"lazy\" decoding=\"async\" class=\"aligncenter size-full wp-image-6732\" src=\"https:\/\/agora.xtec.cat\/instarragona\/wp-content\/uploads\/usu484\/2026\/01\/Captura-de-pantalla-2026-01-26-083303.png\" alt=\"\" width=\"889\" height=\"622\" srcset=\"https:\/\/agora.xtec.cat\/instarragona\/wp-content\/uploads\/usu484\/2026\/01\/Captura-de-pantalla-2026-01-26-083303.png 889w, https:\/\/agora.xtec.cat\/instarragona\/wp-content\/uploads\/usu484\/2026\/01\/Captura-de-pantalla-2026-01-26-083303-300x210.png 300w, https:\/\/agora.xtec.cat\/instarragona\/wp-content\/uploads\/usu484\/2026\/01\/Captura-de-pantalla-2026-01-26-083303-768x537.png 768w\" sizes=\"auto, (max-width: 889px) 100vw, 889px\" \/><\/p>\n","protected":false},"excerpt":{"rendered":"<p>L\u2019alumnat de Tecnologia de 1r de Batxillerat ha participat en una sortida a l\u2019ETSE de la URV, on ha pogut apropar-se al m\u00f3n de la tecnologia i la inform\u00e0tica a trav\u00e9s de dos tallers pr\u00e0ctics. D\u2019una banda, el taller \u201cDades a la Boira: Funcionament i&hellip;  <a href=\"https:\/\/agora.xtec.cat\/instarragona\/batxillerat\/minecraft-a-la-etse-urv\/\" title=\"Read Minecraft a la ETSE &#8211; URV\">Llegeix m\u00e9s\u00bb<\/a><\/p>\n","protected":false},"author":1,"featured_media":6733,"comment_status":"open","ping_status":"open","sticky":false,"template":"","format":"standard","meta":{"_bbp_topic_count":0,"_bbp_reply_count":0,"_bbp_total_topic_count":0,"_bbp_total_reply_count":0,"_bbp_voice_count":0,"_bbp_anonymous_reply_count":0,"_bbp_topic_count_hidden":0,"_bbp_reply_count_hidden":0,"_bbp_forum_subforum_count":0,"footnotes":""},"categories":[8,29],"tags":[58,110],"class_list":["post-6731","post","type-post","status-publish","format-standard","has-post-thumbnail","hentry","category-batxillerat","category-portada","tag-tallers","tag-tecnologia"],"post_mailing_queue_ids":[],"_links":{"self":[{"href":"https:\/\/agora.xtec.cat\/instarragona\/wp-json\/wp\/v2\/posts\/6731","targetHints":{"allow":["GET"]}}],"collection":[{"href":"https:\/\/agora.xtec.cat\/instarragona\/wp-json\/wp\/v2\/posts"}],"about":[{"href":"https:\/\/agora.xtec.cat\/instarragona\/wp-json\/wp\/v2\/types\/post"}],"author":[{"embeddable":true,"href":"https:\/\/agora.xtec.cat\/instarragona\/wp-json\/wp\/v2\/users\/1"}],"replies":[{"embeddable":true,"href":"https:\/\/agora.xtec.cat\/instarragona\/wp-json\/wp\/v2\/comments?post=6731"}],"version-history":[{"count":1,"href":"https:\/\/agora.xtec.cat\/instarragona\/wp-json\/wp\/v2\/posts\/6731\/revisions"}],"predecessor-version":[{"id":6734,"href":"https:\/\/agora.xtec.cat\/instarragona\/wp-json\/wp\/v2\/posts\/6731\/revisions\/6734"}],"wp:featuredmedia":[{"embeddable":true,"href":"https:\/\/agora.xtec.cat\/instarragona\/wp-json\/wp\/v2\/media\/6733"}],"wp:attachment":[{"href":"https:\/\/agora.xtec.cat\/instarragona\/wp-json\/wp\/v2\/media?parent=6731"}],"wp:term":[{"taxonomy":"category","embeddable":true,"href":"https:\/\/agora.xtec.cat\/instarragona\/wp-json\/wp\/v2\/categories?post=6731"},{"taxonomy":"post_tag","embeddable":true,"href":"https:\/\/agora.xtec.cat\/instarragona\/wp-json\/wp\/v2\/tags?post=6731"}],"curies":[{"name":"wp","href":"https:\/\/api.w.org\/{rel}","templated":true}]}}