{"id":6703,"date":"2026-01-19T16:17:15","date_gmt":"2026-01-19T15:17:15","guid":{"rendered":"https:\/\/agora.xtec.cat\/instarragona\/?p=6703"},"modified":"2026-01-19T16:17:32","modified_gmt":"2026-01-19T15:17:32","slug":"empowering-wellbeing-a-tarragona","status":"publish","type":"post","link":"https:\/\/agora.xtec.cat\/instarragona\/eso\/eso-4\/empowering-wellbeing-a-tarragona\/","title":{"rendered":"&#8220;Empowering Wellbeing&#8221; a Tarragona"},"content":{"rendered":"<p data-start=\"87\" data-end=\"399\">Continuem avan\u00e7ant amb el projecte Erasmus+ <strong><span style=\"color: #008000;\">\u201cEmpowering Wellbeing\u201d<\/span><\/strong>. Despr\u00e9s de la mobilitat a Tarragona, ja ens preparem amb il\u00b7lusi\u00f3 per a la propera trobada a Fran\u00e7a, on ens retrobarem amb els nostres companys europeus per seguir treballant plegats en el benestar i el creixement personal de l\u2019alumnat.<\/p>\n<p data-start=\"401\" data-end=\"865\">Durant l\u2019estada a Tarragona, l\u2019alumnat va participar en diverses activitats col\u00b7laboratives centrades en el benestar: din\u00e0miques de cohesi\u00f3 i <em data-start=\"543\" data-end=\"557\">ice-breaking<\/em>, tallers creatius, activitats a l\u2019aire lliure com el <em data-start=\"651\" data-end=\"664\">Jungle Trek<\/em>, caminada pel <em data-start=\"669\" data-end=\"684\">Cam\u00ed de Ronda<\/em> i una sessi\u00f3 de ioga a la platja. Tamb\u00e9 es va aprofundir en diferents dimensions del benestar mitjan\u00e7ant enquestes als companys de l&#8217;institut i an\u00e0lisi de resultats, visites culturals i experi\u00e8ncies sensorials com ara la cromoter\u00e0pia.<\/p>\n<p data-start=\"867\" data-end=\"1060\" data-is-last-node=\"\" data-is-only-node=\"\">Aquestes activitats han perm\u00e8s refor\u00e7ar els vincles entre l\u2019alumnat, fomentar la conviv\u00e8ncia intercultural i reflexionar sobre la import\u00e0ncia del benestar en el dia a dia. El projecte continua!<\/p>\n<table style=\"border-collapse: collapse; width: 100%;\">\n<tbody>\n<tr>\n<td style=\"width: 33.3333%; text-align: center;\"><img loading=\"lazy\" decoding=\"async\" class=\"aligncenter size-full wp-image-6704\" src=\"https:\/\/agora.xtec.cat\/instarragona\/wp-content\/uploads\/usu484\/2026\/01\/2.png\" alt=\"\" width=\"439\" height=\"478\" srcset=\"https:\/\/agora.xtec.cat\/instarragona\/wp-content\/uploads\/usu484\/2026\/01\/2.png 439w, https:\/\/agora.xtec.cat\/instarragona\/wp-content\/uploads\/usu484\/2026\/01\/2-276x300.png 276w\" sizes=\"auto, (max-width: 439px) 100vw, 439px\" \/><\/td>\n<td style=\"width: 33.3333%; text-align: center;\"><img loading=\"lazy\" decoding=\"async\" class=\"aligncenter size-full wp-image-6705\" src=\"https:\/\/agora.xtec.cat\/instarragona\/wp-content\/uploads\/usu484\/2026\/01\/3.png\" alt=\"\" width=\"451\" height=\"469\" srcset=\"https:\/\/agora.xtec.cat\/instarragona\/wp-content\/uploads\/usu484\/2026\/01\/3.png 451w, https:\/\/agora.xtec.cat\/instarragona\/wp-content\/uploads\/usu484\/2026\/01\/3-288x300.png 288w\" sizes=\"auto, (max-width: 451px) 100vw, 451px\" \/><\/td>\n<\/tr>\n<tr>\n<td style=\"width: 33.3333%; text-align: center;\"><img loading=\"lazy\" decoding=\"async\" class=\"aligncenter size-full wp-image-6706\" src=\"https:\/\/agora.xtec.cat\/instarragona\/wp-content\/uploads\/usu484\/2026\/01\/4.png\" alt=\"\" width=\"442\" height=\"415\" srcset=\"https:\/\/agora.xtec.cat\/instarragona\/wp-content\/uploads\/usu484\/2026\/01\/4.png 442w, https:\/\/agora.xtec.cat\/instarragona\/wp-content\/uploads\/usu484\/2026\/01\/4-300x282.png 300w\" sizes=\"auto, (max-width: 442px) 100vw, 442px\" \/><\/td>\n<td style=\"width: 33.3333%; text-align: center;\"><img loading=\"lazy\" decoding=\"async\" class=\"aligncenter size-full wp-image-6707\" src=\"https:\/\/agora.xtec.cat\/instarragona\/wp-content\/uploads\/usu484\/2026\/01\/5.png\" alt=\"\" width=\"453\" height=\"406\" srcset=\"https:\/\/agora.xtec.cat\/instarragona\/wp-content\/uploads\/usu484\/2026\/01\/5.png 453w, https:\/\/agora.xtec.cat\/instarragona\/wp-content\/uploads\/usu484\/2026\/01\/5-300x269.png 300w\" sizes=\"auto, (max-width: 453px) 100vw, 453px\" \/><\/td>\n<\/tr>\n<\/tbody>\n<\/table>\n<p style=\"text-align: center;\" data-start=\"867\" data-end=\"1060\" data-is-last-node=\"\" data-is-only-node=\"\">Ens va agradar molt que les fam\u00edlies vinguessin a escoltar el nostre projecte. Gr\u00e0cies per la vostra col\u00b7laboraci\u00f3.<\/p>\n<p style=\"text-align: center;\" data-start=\"867\" data-end=\"1060\" data-is-last-node=\"\" data-is-only-node=\"\"><img loading=\"lazy\" decoding=\"async\" class=\"aligncenter size-full wp-image-6708\" src=\"https:\/\/agora.xtec.cat\/instarragona\/wp-content\/uploads\/usu484\/2026\/01\/ULTI.png\" alt=\"\" width=\"808\" height=\"591\" srcset=\"https:\/\/agora.xtec.cat\/instarragona\/wp-content\/uploads\/usu484\/2026\/01\/ULTI.png 808w, https:\/\/agora.xtec.cat\/instarragona\/wp-content\/uploads\/usu484\/2026\/01\/ULTI-300x219.png 300w, https:\/\/agora.xtec.cat\/instarragona\/wp-content\/uploads\/usu484\/2026\/01\/ULTI-768x562.png 768w\" sizes=\"auto, (max-width: 808px) 100vw, 808px\" \/><\/p>\n<p style=\"text-align: center;\" data-start=\"867\" data-end=\"1060\" data-is-last-node=\"\" data-is-only-node=\"\">MOLTES M\u00c9S IMATGES <a href=\"https:\/\/drive.google.com\/drive\/folders\/1jOGvTrFZWkD3DKtOqJ-Ec6Fz7DQhBMeF?usp=drive_link\" target=\"_blank\" rel=\"noopener\"><strong>AQU\u00cd<\/strong> <\/a>MTEIX!<\/p>\n<p style=\"text-align: center;\" data-start=\"867\" data-end=\"1060\" data-is-last-node=\"\" data-is-only-node=\"\"><img loading=\"lazy\" decoding=\"async\" class=\"aligncenter size-full wp-image-5551\" src=\"https:\/\/agora.xtec.cat\/instarragona\/wp-content\/uploads\/usu484\/2024\/11\/images.png\" alt=\"\" width=\"420\" height=\"120\" srcset=\"https:\/\/agora.xtec.cat\/instarragona\/wp-content\/uploads\/usu484\/2024\/11\/images.png 420w, https:\/\/agora.xtec.cat\/instarragona\/wp-content\/uploads\/usu484\/2024\/11\/images-300x86.png 300w\" sizes=\"auto, (max-width: 420px) 100vw, 420px\" \/><\/p>\n","protected":false},"excerpt":{"rendered":"<p>Continuem avan\u00e7ant amb el projecte Erasmus+ \u201cEmpowering Wellbeing\u201d. Despr\u00e9s de la mobilitat a Tarragona, ja ens preparem amb il\u00b7lusi\u00f3 per a la propera trobada a Fran\u00e7a, on ens retrobarem amb els nostres companys europeus per seguir treballant plegats en el benestar i el creixement personal&hellip;  <a href=\"https:\/\/agora.xtec.cat\/instarragona\/eso\/eso-4\/empowering-wellbeing-a-tarragona\/\" title=\"Read &#8220;Empowering Wellbeing&#8221; a Tarragona\">Llegeix m\u00e9s\u00bb<\/a><\/p>\n","protected":false},"author":1,"featured_media":6704,"comment_status":"open","ping_status":"open","sticky":false,"template":"","format":"standard","meta":{"_bbp_topic_count":0,"_bbp_reply_count":0,"_bbp_total_topic_count":0,"_bbp_total_reply_count":0,"_bbp_voice_count":0,"_bbp_anonymous_reply_count":0,"_bbp_topic_count_hidden":0,"_bbp_reply_count_hidden":0,"_bbp_forum_subforum_count":0,"footnotes":""},"categories":[7,29],"tags":[145,101],"class_list":["post-6703","post","type-post","status-publish","format-standard","has-post-thumbnail","hentry","category-eso-4","category-portada","tag-erasmus-acretitation","tag-erasmus"],"post_mailing_queue_ids":[],"_links":{"self":[{"href":"https:\/\/agora.xtec.cat\/instarragona\/wp-json\/wp\/v2\/posts\/6703","targetHints":{"allow":["GET"]}}],"collection":[{"href":"https:\/\/agora.xtec.cat\/instarragona\/wp-json\/wp\/v2\/posts"}],"about":[{"href":"https:\/\/agora.xtec.cat\/instarragona\/wp-json\/wp\/v2\/types\/post"}],"author":[{"embeddable":true,"href":"https:\/\/agora.xtec.cat\/instarragona\/wp-json\/wp\/v2\/users\/1"}],"replies":[{"embeddable":true,"href":"https:\/\/agora.xtec.cat\/instarragona\/wp-json\/wp\/v2\/comments?post=6703"}],"version-history":[{"count":2,"href":"https:\/\/agora.xtec.cat\/instarragona\/wp-json\/wp\/v2\/posts\/6703\/revisions"}],"predecessor-version":[{"id":6710,"href":"https:\/\/agora.xtec.cat\/instarragona\/wp-json\/wp\/v2\/posts\/6703\/revisions\/6710"}],"wp:featuredmedia":[{"embeddable":true,"href":"https:\/\/agora.xtec.cat\/instarragona\/wp-json\/wp\/v2\/media\/6704"}],"wp:attachment":[{"href":"https:\/\/agora.xtec.cat\/instarragona\/wp-json\/wp\/v2\/media?parent=6703"}],"wp:term":[{"taxonomy":"category","embeddable":true,"href":"https:\/\/agora.xtec.cat\/instarragona\/wp-json\/wp\/v2\/categories?post=6703"},{"taxonomy":"post_tag","embeddable":true,"href":"https:\/\/agora.xtec.cat\/instarragona\/wp-json\/wp\/v2\/tags?post=6703"}],"curies":[{"name":"wp","href":"https:\/\/api.w.org\/{rel}","templated":true}]}}