{"id":6697,"date":"2026-01-26T09:00:17","date_gmt":"2026-01-26T08:00:17","guid":{"rendered":"https:\/\/agora.xtec.cat\/instarragona\/?p=6697"},"modified":"2026-01-30T08:17:59","modified_gmt":"2026-01-30T07:17:59","slug":"creacio-literaria-escriure-per-entendre-qui-som","status":"publish","type":"post","link":"https:\/\/agora.xtec.cat\/instarragona\/batxillerat\/creacio-literaria-escriure-per-entendre-qui-som\/","title":{"rendered":"Creaci\u00f3 liter\u00e0ria: escriure per entendre qui som"},"content":{"rendered":"<h3 style=\"text-align: center;\"><span style=\"color: #339966;\"><b>ENTREGA 1 <\/b><\/span><\/h3>\n<p><span style=\"font-weight: 400;\">A primer de batxillerat, l\u2019alumnat que cursa l\u2019optativa de <\/span><b>Creaci\u00f3 Liter\u00e0ria<\/b><span style=\"font-weight: 400;\"> s\u2019endinsa en la literatura des de la pr\u00e0ctica creativa. \u00c9s una mat\u00e8ria que posa el focus en el gaudi de l\u2019escriptura, en la consci\u00e8ncia d\u2019autoria i en el coneixement dels g\u00e8neres literaris a partir de l\u2019experi\u00e8ncia directa de crear textos amb intenci\u00f3 liter\u00e0ria.<\/span><\/p>\n<p><span style=\"font-weight: 400;\">Al llarg del curs, l\u2019assignatura es vertebra a trav\u00e9s de <\/span><b>reptes d\u2019escriptura creativa<\/b><span style=\"font-weight: 400;\"> vinculats als grans g\u00e8neres literaris \u2014narrativa, poesia i teatre\u2014, amb l\u2019objectiu que l\u2019alumnat aprengui a recon\u00e8ixer i utilitzar les convencions formals dels textos literaris i, alhora, expressi tem\u00e0tiques pr\u00f2pies del seu pensament i sensibilitat.<\/span><\/p>\n<p><span style=\"font-weight: 400;\">El primer repte del curs s\u2019ha situat dins del g\u00e8nere narratiu i del bloc tem\u00e0tic <\/span><b>\u00abIdentitat\u00bb<\/b><span style=\"font-weight: 400;\">, i ha tingut com a fil conductor el <\/span><b>dietari<\/b><span style=\"font-weight: 400;\"> com a forma liter\u00e0ria. A partir de la lectura i l\u2019an\u00e0lisi de textos de diferents \u00e8poques \u2014com <\/span><i><span style=\"font-weight: 400;\">Tarda al cinema<\/span><\/i><span style=\"font-weight: 400;\">, de Merc\u00e8 Rodoreda\u2014, l\u2019alumnat ha reflexionat sobre com el context hist\u00f2ric, social i cultural condiciona les emocions, les relacions i les decisions dels personatges.<\/span><\/p>\n<p><span style=\"font-weight: 400;\">\ud83d\udcd6\u00a0 Com a repte final, els estudiants han escrit un <\/span><b>relat en forma de dietari<\/b><span style=\"font-weight: 400;\"> que recrea una viv\u00e8ncia significativa d\u2019algun avantpassat. Mitjan\u00e7ant la recerca i la ficci\u00f3 liter\u00e0ria, han intentat entendre per qu\u00e8 aquella persona va actuar com ho va fer, com es devia sentir i quines circumst\u00e0ncies van marcar la seva manera de viure. El resultat s\u00f3n textos \u00edntims i versemblants que connecten mem\u00f2ria, identitat i escriptura.<\/span><\/p>\n<p><span style=\"font-weight: 400;\">\ud83d\udd8b\ufe0f Aquesta publicaci\u00f3 inicia un <\/span><b>recull de textos de Creaci\u00f3 Liter\u00e0ria<\/b><span style=\"font-weight: 400;\"> que anirem compartint al llarg del curs, cada vegada que l\u2019alumnat afronti un nou repte d\u2019escriptura. Una manera de fer visible el proc\u00e9s creatiu, donar valor a la paraula escrita i compartir literatura feta a l\u2019aula.<\/span><\/p>\n<p><span style=\"font-weight: 400;\">\u2728 Tots els textos es podran llegir al web de l\u2019institut. Al llarg del curs n\u2019hi anirem afegint de nous, corresponents als diferents reptes d\u2019escriptura creativa que treballarem a l\u2019aula.<\/span><\/p>\n<p>De moment&#8230; aqu\u00ed teniu la primera fornada!<\/p>\n<h3 style=\"text-align: center;\"><a href=\"https:\/\/drive.google.com\/drive\/folders\/1FoPhYiBATJ6BAzKivMWdmI24zpYdkM75?usp=sharing\" target=\"_blank\" rel=\"noopener\"><strong>IDENTITAT<\/strong><br \/>\n<img loading=\"lazy\" decoding=\"async\" class=\"aligncenter wp-image-6698\" src=\"https:\/\/agora.xtec.cat\/instarragona\/wp-content\/uploads\/usu484\/2026\/01\/boto.png\" alt=\"\" width=\"302\" height=\"92\" \/><\/a><\/h3>\n<p style=\"text-align: center;\"><img loading=\"lazy\" decoding=\"async\" class=\"aligncenter size-full wp-image-6747\" src=\"https:\/\/agora.xtec.cat\/instarragona\/wp-content\/uploads\/usu484\/2026\/01\/Captura-5.png\" alt=\"\" width=\"509\" height=\"368\" srcset=\"https:\/\/agora.xtec.cat\/instarragona\/wp-content\/uploads\/usu484\/2026\/01\/Captura-5.png 509w, https:\/\/agora.xtec.cat\/instarragona\/wp-content\/uploads\/usu484\/2026\/01\/Captura-5-300x217.png 300w\" sizes=\"auto, (max-width: 509px) 100vw, 509px\" \/><\/p>\n<p style=\"text-align: center;\"><img loading=\"lazy\" decoding=\"async\" class=\"aligncenter size-full wp-image-6748\" src=\"https:\/\/agora.xtec.cat\/instarragona\/wp-content\/uploads\/usu484\/2026\/01\/Captura-6.png\" alt=\"\" width=\"487\" height=\"559\" srcset=\"https:\/\/agora.xtec.cat\/instarragona\/wp-content\/uploads\/usu484\/2026\/01\/Captura-6.png 487w, https:\/\/agora.xtec.cat\/instarragona\/wp-content\/uploads\/usu484\/2026\/01\/Captura-6-261x300.png 261w\" sizes=\"auto, (max-width: 487px) 100vw, 487px\" \/><\/p>\n<p style=\"text-align: center;\">\n","protected":false},"excerpt":{"rendered":"<p>ENTREGA 1<br \/>\nA primer de batxillerat, l\u2019alumnat que cursa l\u2019optativa de Creaci\u00f3 Liter\u00e0ria s\u2019endinsa en la literatura des de la pr\u00e0ctica creativa. \u00c9s una mat\u00e8ria que posa el focus en el gaudi de l\u2019escriptura, en la consci\u00e8ncia d\u2019autoria i en el coneixement dels g\u00e8neres literaris&hellip;  <a href=\"https:\/\/agora.xtec.cat\/instarragona\/batxillerat\/creacio-literaria-escriure-per-entendre-qui-som\/\" title=\"Read Creaci\u00f3 liter\u00e0ria: escriure per entendre qui som\">Llegeix m\u00e9s\u00bb<\/a><\/p>\n","protected":false},"author":1,"featured_media":6745,"comment_status":"open","ping_status":"open","sticky":false,"template":"","format":"standard","meta":{"_bbp_topic_count":0,"_bbp_reply_count":0,"_bbp_total_topic_count":0,"_bbp_total_reply_count":0,"_bbp_voice_count":0,"_bbp_anonymous_reply_count":0,"_bbp_topic_count_hidden":0,"_bbp_reply_count_hidden":0,"_bbp_forum_subforum_count":0,"footnotes":""},"categories":[8,29],"tags":[119],"class_list":["post-6697","post","type-post","status-publish","format-standard","has-post-thumbnail","hentry","category-batxillerat","category-portada","tag-catala"],"post_mailing_queue_ids":[],"_links":{"self":[{"href":"https:\/\/agora.xtec.cat\/instarragona\/wp-json\/wp\/v2\/posts\/6697","targetHints":{"allow":["GET"]}}],"collection":[{"href":"https:\/\/agora.xtec.cat\/instarragona\/wp-json\/wp\/v2\/posts"}],"about":[{"href":"https:\/\/agora.xtec.cat\/instarragona\/wp-json\/wp\/v2\/types\/post"}],"author":[{"embeddable":true,"href":"https:\/\/agora.xtec.cat\/instarragona\/wp-json\/wp\/v2\/users\/1"}],"replies":[{"embeddable":true,"href":"https:\/\/agora.xtec.cat\/instarragona\/wp-json\/wp\/v2\/comments?post=6697"}],"version-history":[{"count":5,"href":"https:\/\/agora.xtec.cat\/instarragona\/wp-json\/wp\/v2\/posts\/6697\/revisions"}],"predecessor-version":[{"id":6749,"href":"https:\/\/agora.xtec.cat\/instarragona\/wp-json\/wp\/v2\/posts\/6697\/revisions\/6749"}],"wp:featuredmedia":[{"embeddable":true,"href":"https:\/\/agora.xtec.cat\/instarragona\/wp-json\/wp\/v2\/media\/6745"}],"wp:attachment":[{"href":"https:\/\/agora.xtec.cat\/instarragona\/wp-json\/wp\/v2\/media?parent=6697"}],"wp:term":[{"taxonomy":"category","embeddable":true,"href":"https:\/\/agora.xtec.cat\/instarragona\/wp-json\/wp\/v2\/categories?post=6697"},{"taxonomy":"post_tag","embeddable":true,"href":"https:\/\/agora.xtec.cat\/instarragona\/wp-json\/wp\/v2\/tags?post=6697"}],"curies":[{"name":"wp","href":"https:\/\/api.w.org\/{rel}","templated":true}]}}