{"id":6693,"date":"2026-01-13T12:59:07","date_gmt":"2026-01-13T11:59:07","guid":{"rendered":"https:\/\/agora.xtec.cat\/instarragona\/?p=6693"},"modified":"2026-01-19T16:07:56","modified_gmt":"2026-01-19T15:07:56","slug":"ens-ho-expliquen-tot","status":"publish","type":"post","link":"https:\/\/agora.xtec.cat\/instarragona\/batxillerat\/ens-ho-expliquen-tot\/","title":{"rendered":"Ens ho expliquen tot"},"content":{"rendered":"<p data-start=\"94\" data-end=\"365\">Els alumnes de l\u2019institut ja van tornar despr\u00e9s de passar un mes participant en una experi\u00e8ncia Erasmus de llarga durada. Durant l\u2019estada, han pogut con\u00e8ixer una nova cultura, millorar les seves compet\u00e8ncies ling\u00fc\u00edstiques i viure el dia a dia d\u2019un altre sistema educatiu.\u00a0L\u2019experi\u00e8ncia ha estat molt positiva i enriquidora, tant a nivell personal com acad\u00e8mic, i ha contribu\u00eft al creixement i l\u2019autonomia del nostre alumnat. Ens alegrem molt\u00edssim que h\u00e0giu tingut l&#8217;oportunitat de viure una experi\u00e8ncia Erasmus+ com aquesta.<\/p>\n<p data-start=\"94\" data-end=\"365\">Ara us toca explicar-ho tot i tot fil per randa!<\/p>\n<p style=\"text-align: center;\" data-start=\"94\" data-end=\"365\"><img loading=\"lazy\" decoding=\"async\" class=\"aligncenter size-full wp-image-6694\" src=\"https:\/\/agora.xtec.cat\/instarragona\/wp-content\/uploads\/usu484\/2026\/01\/Captura2.png\" alt=\"\" width=\"864\" height=\"430\" srcset=\"https:\/\/agora.xtec.cat\/instarragona\/wp-content\/uploads\/usu484\/2026\/01\/Captura2.png 864w, https:\/\/agora.xtec.cat\/instarragona\/wp-content\/uploads\/usu484\/2026\/01\/Captura2-300x149.png 300w, https:\/\/agora.xtec.cat\/instarragona\/wp-content\/uploads\/usu484\/2026\/01\/Captura2-768x382.png 768w\" sizes=\"auto, (max-width: 864px) 100vw, 864px\" \/><\/p>\n<p style=\"text-align: center;\" data-start=\"94\" data-end=\"365\"><img loading=\"lazy\" decoding=\"async\" class=\"aligncenter size-full wp-image-5551\" src=\"https:\/\/agora.xtec.cat\/instarragona\/wp-content\/uploads\/usu484\/2024\/11\/images.png\" alt=\"\" width=\"420\" height=\"120\" srcset=\"https:\/\/agora.xtec.cat\/instarragona\/wp-content\/uploads\/usu484\/2024\/11\/images.png 420w, https:\/\/agora.xtec.cat\/instarragona\/wp-content\/uploads\/usu484\/2024\/11\/images-300x86.png 300w\" sizes=\"auto, (max-width: 420px) 100vw, 420px\" \/><\/p>\n","protected":false},"excerpt":{"rendered":"<p>Els alumnes de l\u2019institut ja van tornar despr\u00e9s de passar un mes participant en una experi\u00e8ncia Erasmus de llarga durada. Durant l\u2019estada, han pogut con\u00e8ixer una nova cultura, millorar les seves compet\u00e8ncies ling\u00fc\u00edstiques i viure el dia a dia d\u2019un altre sistema educatiu.\u00a0L\u2019experi\u00e8ncia ha estat&hellip;  <a href=\"https:\/\/agora.xtec.cat\/instarragona\/batxillerat\/ens-ho-expliquen-tot\/\" title=\"Read Ens ho expliquen tot\">Llegeix m\u00e9s\u00bb<\/a><\/p>\n","protected":false},"author":1,"featured_media":6695,"comment_status":"open","ping_status":"open","sticky":false,"template":"","format":"standard","meta":{"_bbp_topic_count":0,"_bbp_reply_count":0,"_bbp_total_topic_count":0,"_bbp_total_reply_count":0,"_bbp_voice_count":0,"_bbp_anonymous_reply_count":0,"_bbp_topic_count_hidden":0,"_bbp_reply_count_hidden":0,"_bbp_forum_subforum_count":0,"footnotes":""},"categories":[8,29],"tags":[145,147,101],"class_list":["post-6693","post","type-post","status-publish","format-standard","has-post-thumbnail","hentry","category-batxillerat","category-portada","tag-erasmus-acretitation","tag-erasmus-llarga-durada","tag-erasmus"],"post_mailing_queue_ids":[],"_links":{"self":[{"href":"https:\/\/agora.xtec.cat\/instarragona\/wp-json\/wp\/v2\/posts\/6693","targetHints":{"allow":["GET"]}}],"collection":[{"href":"https:\/\/agora.xtec.cat\/instarragona\/wp-json\/wp\/v2\/posts"}],"about":[{"href":"https:\/\/agora.xtec.cat\/instarragona\/wp-json\/wp\/v2\/types\/post"}],"author":[{"embeddable":true,"href":"https:\/\/agora.xtec.cat\/instarragona\/wp-json\/wp\/v2\/users\/1"}],"replies":[{"embeddable":true,"href":"https:\/\/agora.xtec.cat\/instarragona\/wp-json\/wp\/v2\/comments?post=6693"}],"version-history":[{"count":1,"href":"https:\/\/agora.xtec.cat\/instarragona\/wp-json\/wp\/v2\/posts\/6693\/revisions"}],"predecessor-version":[{"id":6696,"href":"https:\/\/agora.xtec.cat\/instarragona\/wp-json\/wp\/v2\/posts\/6693\/revisions\/6696"}],"wp:featuredmedia":[{"embeddable":true,"href":"https:\/\/agora.xtec.cat\/instarragona\/wp-json\/wp\/v2\/media\/6695"}],"wp:attachment":[{"href":"https:\/\/agora.xtec.cat\/instarragona\/wp-json\/wp\/v2\/media?parent=6693"}],"wp:term":[{"taxonomy":"category","embeddable":true,"href":"https:\/\/agora.xtec.cat\/instarragona\/wp-json\/wp\/v2\/categories?post=6693"},{"taxonomy":"post_tag","embeddable":true,"href":"https:\/\/agora.xtec.cat\/instarragona\/wp-json\/wp\/v2\/tags?post=6693"}],"curies":[{"name":"wp","href":"https:\/\/api.w.org\/{rel}","templated":true}]}}