{"id":6686,"date":"2025-12-27T11:35:26","date_gmt":"2025-12-27T10:35:26","guid":{"rendered":"https:\/\/agora.xtec.cat\/instarragona\/?p=6686"},"modified":"2025-12-27T11:39:40","modified_gmt":"2025-12-27T10:39:40","slug":"bones-festes-a-tots","status":"publish","type":"post","link":"https:\/\/agora.xtec.cat\/instarragona\/portada\/bones-festes-a-tots\/","title":{"rendered":"Bones festes a tots!"},"content":{"rendered":"<p>Aix\u00ed hem celebrat el <strong><a href=\"https:\/\/drive.google.com\/drive\/folders\/1FHaiENkvFNHD1RWdd2RHTCcXDXaYm99u?usp=drive_link\" target=\"_blank\" rel=\"noopener\">Festival de Nadal!<\/a><\/strong><img loading=\"lazy\" decoding=\"async\" class=\"an1\" draggable=\"false\" src=\"https:\/\/fonts.gstatic.com\/s\/e\/notoemoji\/16.0\/1f384\/72.png\" alt=\"\ud83c\udf84\" width=\"30\" height=\"30\" data-emoji=\"\ud83c\udf84\" aria-label=\"\ud83c\udf84\" \/><img loading=\"lazy\" decoding=\"async\" class=\"an1\" draggable=\"false\" src=\"https:\/\/fonts.gstatic.com\/s\/e\/notoemoji\/16.0\/2728\/72.png\" alt=\"\u2728\" width=\"21\" height=\"21\" data-emoji=\"\u2728\" aria-label=\"\u2728\" \/>Gr\u00e0cies als nostres m\u00fasics, cantants i ballarines per fer-ho possible: ho heu fet superb\u00e9!\u00a0<img loading=\"lazy\" decoding=\"async\" class=\"an1\" draggable=\"false\" src=\"https:\/\/fonts.gstatic.com\/s\/e\/notoemoji\/16.0\/1f44f\/72.png\" alt=\"\ud83d\udc4f\" width=\"18\" height=\"18\" data-emoji=\"\ud83d\udc4f\" aria-label=\"\ud83d\udc4f\" \/><img loading=\"lazy\" decoding=\"async\" class=\"an1\" draggable=\"false\" src=\"https:\/\/fonts.gstatic.com\/s\/e\/notoemoji\/16.0\/2764_fe0f\/72.png\" alt=\"\u2764\ufe0f\" width=\"18\" height=\"18\" data-emoji=\"\u2764\ufe0f\" aria-label=\"\u2764\ufe0f\" \/><\/p>\n<p>Hem gaudit d\u2019interpretacions instrumentals amb bateria, ukelele, viol\u00ed i piano, hem cantat nadales, hem recitat poemes i fins i tot hem vist alguna coreografia!\u00a0<img loading=\"lazy\" decoding=\"async\" class=\"an1\" draggable=\"false\" src=\"https:\/\/fonts.gstatic.com\/s\/e\/notoemoji\/16.0\/1f3b6\/72.png\" alt=\"\ud83c\udfb6\" width=\"21\" height=\"21\" data-emoji=\"\ud83c\udfb6\" aria-label=\"\ud83c\udfb6\" \/><img loading=\"lazy\" decoding=\"async\" class=\"an1\" draggable=\"false\" src=\"https:\/\/fonts.gstatic.com\/s\/e\/notoemoji\/16.0\/1f3bb\/72.png\" alt=\"\ud83c\udfbb\" width=\"19\" height=\"19\" data-emoji=\"\ud83c\udfbb\" aria-label=\"\ud83c\udfbb\" \/><img loading=\"lazy\" decoding=\"async\" class=\"an1\" draggable=\"false\" src=\"https:\/\/fonts.gstatic.com\/s\/e\/notoemoji\/16.0\/1f941\/72.png\" alt=\"\ud83e\udd41\" width=\"17\" height=\"17\" data-emoji=\"\ud83e\udd41\" aria-label=\"\ud83e\udd41\" \/><img loading=\"lazy\" decoding=\"async\" class=\"an1\" draggable=\"false\" src=\"https:\/\/fonts.gstatic.com\/s\/e\/notoemoji\/16.0\/1f483\/72.png\" alt=\"\ud83d\udc83\" width=\"22\" height=\"22\" data-emoji=\"\ud83d\udc83\" aria-label=\"\ud83d\udc83\" \/><\/p>\n<p>A m\u00e9s, l\u2019alumnat del SIEI ha muntat l\u2019arbre de Nadal del vest\u00edbul, el mateix que es mostra a la nostra felicitaci\u00f3\u00a0<img loading=\"lazy\" decoding=\"async\" class=\"an1\" draggable=\"false\" src=\"https:\/\/fonts.gstatic.com\/s\/e\/notoemoji\/16.0\/1f384\/72.png\" alt=\"\ud83c\udf84\" width=\"20\" height=\"20\" data-emoji=\"\ud83c\udf84\" aria-label=\"\ud83c\udf84\" \/><img loading=\"lazy\" decoding=\"async\" class=\"an1\" draggable=\"false\" src=\"https:\/\/fonts.gstatic.com\/s\/e\/notoemoji\/16.0\/1f90d\/72.png\" alt=\"\ud83e\udd0d\" width=\"11\" height=\"11\" data-emoji=\"\ud83e\udd0d\" aria-label=\"\ud83e\udd0d\" \/>, i l\u2019alumnat d\u2019Expressi\u00f3 Art\u00edstica ha creat un arbre de Nadal original\u00edssim que ja dona vida al centre!\u00a0<img loading=\"lazy\" decoding=\"async\" class=\"an1\" draggable=\"false\" src=\"https:\/\/fonts.gstatic.com\/s\/e\/notoemoji\/16.0\/2728\/72.png\" alt=\"\u2728\" width=\"18\" height=\"18\" data-emoji=\"\u2728\" aria-label=\"\u2728\" \/><img loading=\"lazy\" decoding=\"async\" class=\"an1\" draggable=\"false\" src=\"https:\/\/fonts.gstatic.com\/s\/e\/notoemoji\/16.0\/1f3a8\/72.png\" alt=\"\ud83c\udfa8\" width=\"14\" height=\"14\" data-emoji=\"\ud83c\udfa8\" aria-label=\"\ud83c\udfa8\" \/>I, un any m\u00e9s, tot l\u2019alumnat ha col\u00b7laborat amb la campanya de recollida de joguines que organitza la Creu Roja\u00a0<img loading=\"lazy\" decoding=\"async\" class=\"an1\" draggable=\"false\" src=\"https:\/\/fonts.gstatic.com\/s\/e\/notoemoji\/16.0\/1f9f8\/72.png\" alt=\"\ud83e\uddf8\" width=\"17\" height=\"17\" data-emoji=\"\ud83e\uddf8\" aria-label=\"\ud83e\uddf8\" \/><img loading=\"lazy\" decoding=\"async\" class=\"an1\" draggable=\"false\" src=\"https:\/\/fonts.gstatic.com\/s\/e\/notoemoji\/16.0\/1f381\/72.png\" alt=\"\ud83c\udf81\" width=\"19\" height=\"19\" data-emoji=\"\ud83c\udf81\" aria-label=\"\ud83c\udf81\" \/>\u00a0Gr\u00e0cies per la vostra solidaritat!\u00a0<img loading=\"lazy\" decoding=\"async\" class=\"an1\" draggable=\"false\" src=\"https:\/\/fonts.gstatic.com\/s\/e\/notoemoji\/16.0\/2764_fe0f\/72.png\" alt=\"\u2764\ufe0f\" width=\"14\" height=\"14\" data-emoji=\"\u2764\ufe0f\" aria-label=\"\u2764\ufe0f\" \/>\u00a0L\u2019Institut Tarragona us desitja unes bones festes!<\/p>\n<div>\n<table style=\"border-collapse: collapse; width: 100%;\">\n<tbody>\n<tr>\n<td style=\"width: 50%; text-align: center;\"><img loading=\"lazy\" decoding=\"async\" class=\"aligncenter wp-image-6688\" src=\"https:\/\/agora.xtec.cat\/instarragona\/wp-content\/uploads\/usu484\/2025\/12\/Captura-de-pantalla-2025-12-27-113719.png\" alt=\"\" width=\"277\" height=\"309\" srcset=\"https:\/\/agora.xtec.cat\/instarragona\/wp-content\/uploads\/usu484\/2025\/12\/Captura-de-pantalla-2025-12-27-113719.png 531w, https:\/\/agora.xtec.cat\/instarragona\/wp-content\/uploads\/usu484\/2025\/12\/Captura-de-pantalla-2025-12-27-113719-269x300.png 269w\" sizes=\"auto, (max-width: 277px) 100vw, 277px\" \/><\/td>\n<td style=\"width: 50%; text-align: center;\"><img loading=\"lazy\" decoding=\"async\" class=\"aligncenter size-full wp-image-6689\" src=\"https:\/\/agora.xtec.cat\/instarragona\/wp-content\/uploads\/usu484\/2025\/12\/Captura-de-pantalla-2025-12-27-113649.png\" alt=\"\" width=\"934\" height=\"703\" srcset=\"https:\/\/agora.xtec.cat\/instarragona\/wp-content\/uploads\/usu484\/2025\/12\/Captura-de-pantalla-2025-12-27-113649.png 934w, https:\/\/agora.xtec.cat\/instarragona\/wp-content\/uploads\/usu484\/2025\/12\/Captura-de-pantalla-2025-12-27-113649-300x226.png 300w, https:\/\/agora.xtec.cat\/instarragona\/wp-content\/uploads\/usu484\/2025\/12\/Captura-de-pantalla-2025-12-27-113649-768x578.png 768w, https:\/\/agora.xtec.cat\/instarragona\/wp-content\/uploads\/usu484\/2025\/12\/Captura-de-pantalla-2025-12-27-113649-200x150.png 200w\" sizes=\"auto, (max-width: 934px) 100vw, 934px\" \/><\/td>\n<\/tr>\n<tr>\n<td style=\"width: 50%; text-align: center;\" colspan=\"2\"><img loading=\"lazy\" decoding=\"async\" class=\"aligncenter size-full wp-image-6690\" src=\"https:\/\/agora.xtec.cat\/instarragona\/wp-content\/uploads\/usu484\/2025\/12\/Captura-de-pantalla-2025-12-27-113616.png\" alt=\"\" width=\"939\" height=\"697\" srcset=\"https:\/\/agora.xtec.cat\/instarragona\/wp-content\/uploads\/usu484\/2025\/12\/Captura-de-pantalla-2025-12-27-113616.png 939w, https:\/\/agora.xtec.cat\/instarragona\/wp-content\/uploads\/usu484\/2025\/12\/Captura-de-pantalla-2025-12-27-113616-300x223.png 300w, https:\/\/agora.xtec.cat\/instarragona\/wp-content\/uploads\/usu484\/2025\/12\/Captura-de-pantalla-2025-12-27-113616-768x570.png 768w\" sizes=\"auto, (max-width: 939px) 100vw, 939px\" \/><\/td>\n<\/tr>\n<\/tbody>\n<\/table>\n<\/div>\n<div><\/div>\n","protected":false},"excerpt":{"rendered":"<p>Aix\u00ed hem celebrat el <a href=\"https:\/\/drive.google.com\/drive\/folders\/1FHaiENkvFNHD1RWdd2RHTCcXDXaYm99u?usp=drive_link\" target=\"_blank\" rel=\"noopener\">Festival de Nadal!<\/a>Gr\u00e0cies als nostres m\u00fasics, cantants i ballarines per fer-ho possible: ho heu fet superb\u00e9!\u00a0<br \/>\nHem gaudit d\u2019interpretacions instrumentals amb bateria, ukelele, viol\u00ed i piano, hem cantat nadales, hem recitat poemes i fins i tot hem vist alguna&hellip;  <a href=\"https:\/\/agora.xtec.cat\/instarragona\/portada\/bones-festes-a-tots\/\" title=\"Read Bones festes a tots!\">Llegeix m\u00e9s\u00bb<\/a><\/p>\n","protected":false},"author":1,"featured_media":6688,"comment_status":"open","ping_status":"open","sticky":false,"template":"","format":"standard","meta":{"_bbp_topic_count":0,"_bbp_reply_count":0,"_bbp_total_topic_count":0,"_bbp_total_reply_count":0,"_bbp_voice_count":0,"_bbp_anonymous_reply_count":0,"_bbp_topic_count_hidden":0,"_bbp_reply_count_hidden":0,"_bbp_forum_subforum_count":0,"footnotes":""},"categories":[29],"tags":[97],"class_list":["post-6686","post","type-post","status-publish","format-standard","has-post-thumbnail","hentry","category-portada","tag-festes-i-activitats"],"post_mailing_queue_ids":[],"_links":{"self":[{"href":"https:\/\/agora.xtec.cat\/instarragona\/wp-json\/wp\/v2\/posts\/6686","targetHints":{"allow":["GET"]}}],"collection":[{"href":"https:\/\/agora.xtec.cat\/instarragona\/wp-json\/wp\/v2\/posts"}],"about":[{"href":"https:\/\/agora.xtec.cat\/instarragona\/wp-json\/wp\/v2\/types\/post"}],"author":[{"embeddable":true,"href":"https:\/\/agora.xtec.cat\/instarragona\/wp-json\/wp\/v2\/users\/1"}],"replies":[{"embeddable":true,"href":"https:\/\/agora.xtec.cat\/instarragona\/wp-json\/wp\/v2\/comments?post=6686"}],"version-history":[{"count":2,"href":"https:\/\/agora.xtec.cat\/instarragona\/wp-json\/wp\/v2\/posts\/6686\/revisions"}],"predecessor-version":[{"id":6691,"href":"https:\/\/agora.xtec.cat\/instarragona\/wp-json\/wp\/v2\/posts\/6686\/revisions\/6691"}],"wp:featuredmedia":[{"embeddable":true,"href":"https:\/\/agora.xtec.cat\/instarragona\/wp-json\/wp\/v2\/media\/6688"}],"wp:attachment":[{"href":"https:\/\/agora.xtec.cat\/instarragona\/wp-json\/wp\/v2\/media?parent=6686"}],"wp:term":[{"taxonomy":"category","embeddable":true,"href":"https:\/\/agora.xtec.cat\/instarragona\/wp-json\/wp\/v2\/categories?post=6686"},{"taxonomy":"post_tag","embeddable":true,"href":"https:\/\/agora.xtec.cat\/instarragona\/wp-json\/wp\/v2\/tags?post=6686"}],"curies":[{"name":"wp","href":"https:\/\/api.w.org\/{rel}","templated":true}]}}