{"id":6668,"date":"2025-12-19T11:56:14","date_gmt":"2025-12-19T10:56:14","guid":{"rendered":"https:\/\/agora.xtec.cat\/instarragona\/?p=6668"},"modified":"2025-12-19T11:56:14","modified_gmt":"2025-12-19T10:56:14","slug":"museu-de-les-matematiques","status":"publish","type":"post","link":"https:\/\/agora.xtec.cat\/instarragona\/eso\/eso-2\/museu-de-les-matematiques\/","title":{"rendered":"Museu de les matem\u00e0tiques"},"content":{"rendered":"<p data-start=\"146\" data-end=\"344\">L\u2019alumnat de 2n d\u2019ESO ha visitat recentment el Museu de les Matem\u00e0tiques de Tarragona. L<span style=\"font-family: inherit; font-size: 1em;\">\u2019alumnat ha participat en diverses activitats interactives, entre les quals destaca la <\/span>c\u00fapula de Leonardo<span style=\"font-family: inherit; font-size: 1em;\">, que van construir col\u00b7laborativament sense utilitzar cap tipus de fixaci\u00f3, posant en pr\u00e0ctica conceptes geom\u00e8trics i de treball en equip. A m\u00e9s, han experimentat amb diferents materials i jocs matem\u00e0tics que fomenten el raonament l\u00f2gic, l\u2019observaci\u00f3 i la resoluci\u00f3 de problemes.<\/span><\/p>\n<p data-start=\"756\" data-end=\"902\">Hi tornerem!<\/p>\n<p><img loading=\"lazy\" decoding=\"async\" class=\"aligncenter size-full wp-image-6669\" src=\"https:\/\/agora.xtec.cat\/instarragona\/wp-content\/uploads\/usu484\/2025\/12\/1.png\" alt=\"\" width=\"1103\" height=\"526\" srcset=\"https:\/\/agora.xtec.cat\/instarragona\/wp-content\/uploads\/usu484\/2025\/12\/1.png 1103w, https:\/\/agora.xtec.cat\/instarragona\/wp-content\/uploads\/usu484\/2025\/12\/1-300x143.png 300w, https:\/\/agora.xtec.cat\/instarragona\/wp-content\/uploads\/usu484\/2025\/12\/1-1024x488.png 1024w, https:\/\/agora.xtec.cat\/instarragona\/wp-content\/uploads\/usu484\/2025\/12\/1-768x366.png 768w\" sizes=\"auto, (max-width: 1103px) 100vw, 1103px\" \/><\/p>\n","protected":false},"excerpt":{"rendered":"<p>L\u2019alumnat de 2n d\u2019ESO ha visitat recentment el Museu de les Matem\u00e0tiques de Tarragona. L\u2019alumnat ha participat en diverses activitats interactives, entre les quals destaca la c\u00fapula de Leonardo, que van construir col\u00b7laborativament sense utilitzar cap tipus de fixaci\u00f3, posant en pr\u00e0ctica conceptes geom\u00e8trics i&hellip;  <a href=\"https:\/\/agora.xtec.cat\/instarragona\/eso\/eso-2\/museu-de-les-matematiques\/\" title=\"Read Museu de les matem\u00e0tiques\">Llegeix m\u00e9s\u00bb<\/a><\/p>\n","protected":false},"author":1,"featured_media":6669,"comment_status":"open","ping_status":"open","sticky":false,"template":"","format":"standard","meta":{"_bbp_topic_count":0,"_bbp_reply_count":0,"_bbp_total_topic_count":0,"_bbp_total_reply_count":0,"_bbp_voice_count":0,"_bbp_anonymous_reply_count":0,"_bbp_topic_count_hidden":0,"_bbp_reply_count_hidden":0,"_bbp_forum_subforum_count":0,"footnotes":""},"categories":[5,29],"tags":[41,39],"class_list":["post-6668","post","type-post","status-publish","format-standard","has-post-thumbnail","hentry","category-eso-2","category-portada","tag-matematiques","tag-sortides"],"post_mailing_queue_ids":[],"_links":{"self":[{"href":"https:\/\/agora.xtec.cat\/instarragona\/wp-json\/wp\/v2\/posts\/6668","targetHints":{"allow":["GET"]}}],"collection":[{"href":"https:\/\/agora.xtec.cat\/instarragona\/wp-json\/wp\/v2\/posts"}],"about":[{"href":"https:\/\/agora.xtec.cat\/instarragona\/wp-json\/wp\/v2\/types\/post"}],"author":[{"embeddable":true,"href":"https:\/\/agora.xtec.cat\/instarragona\/wp-json\/wp\/v2\/users\/1"}],"replies":[{"embeddable":true,"href":"https:\/\/agora.xtec.cat\/instarragona\/wp-json\/wp\/v2\/comments?post=6668"}],"version-history":[{"count":1,"href":"https:\/\/agora.xtec.cat\/instarragona\/wp-json\/wp\/v2\/posts\/6668\/revisions"}],"predecessor-version":[{"id":6670,"href":"https:\/\/agora.xtec.cat\/instarragona\/wp-json\/wp\/v2\/posts\/6668\/revisions\/6670"}],"wp:featuredmedia":[{"embeddable":true,"href":"https:\/\/agora.xtec.cat\/instarragona\/wp-json\/wp\/v2\/media\/6669"}],"wp:attachment":[{"href":"https:\/\/agora.xtec.cat\/instarragona\/wp-json\/wp\/v2\/media?parent=6668"}],"wp:term":[{"taxonomy":"category","embeddable":true,"href":"https:\/\/agora.xtec.cat\/instarragona\/wp-json\/wp\/v2\/categories?post=6668"},{"taxonomy":"post_tag","embeddable":true,"href":"https:\/\/agora.xtec.cat\/instarragona\/wp-json\/wp\/v2\/tags?post=6668"}],"curies":[{"name":"wp","href":"https:\/\/api.w.org\/{rel}","templated":true}]}}