{"id":6658,"date":"2025-11-27T10:34:36","date_gmt":"2025-11-27T09:34:36","guid":{"rendered":"https:\/\/agora.xtec.cat\/instarragona\/?p=6658"},"modified":"2025-11-27T10:34:44","modified_gmt":"2025-11-27T09:34:44","slug":"lopen-arms-esta-a-tgn-no-us-ho-perdeu","status":"publish","type":"post","link":"https:\/\/agora.xtec.cat\/instarragona\/eso\/eso-1\/lopen-arms-esta-a-tgn-no-us-ho-perdeu\/","title":{"rendered":"L&#8217;Open Arms est\u00e0 a Tgn, no us ho perdeu!"},"content":{"rendered":"<p data-start=\"210\" data-end=\"574\">Aquesta setmana hem comen\u00e7at les visites al vaixell d\u2019Open Arms, l\u2019ONG que treballa per protegir la vida de les persones migrants al mar. Durant la visita, hem conegut de primera m\u00e0 la tasca que duu a terme la tripulaci\u00f3, les condicions en qu\u00e8 es fan els rescats i les dificultats que afronten en cada missi\u00f3.<\/p>\n<p data-start=\"576\" data-end=\"853\">La sortida ens ha perm\u00e8s apropar-nos a una realitat sovint invisible i reflexionar sobre la import\u00e0ncia de la solidaritat, els drets humans i la responsabilitat col\u00b7lectiva.\u00a0Des de l\u2019institut, agra\u00efm a Open Arms la seva acollida i la feina imprescindible que fan cada dia.<\/p>\n<table style=\"border-collapse: collapse; width: 100%;\">\n<tbody>\n<tr>\n<td style=\"width: 50%; text-align: center;\"><img loading=\"lazy\" decoding=\"async\" class=\"aligncenter size-full wp-image-6661\" src=\"https:\/\/agora.xtec.cat\/instarragona\/wp-content\/uploads\/usu484\/2025\/11\/Captura-15.png\" alt=\"\" width=\"1199\" height=\"676\" srcset=\"https:\/\/agora.xtec.cat\/instarragona\/wp-content\/uploads\/usu484\/2025\/11\/Captura-15.png 1199w, https:\/\/agora.xtec.cat\/instarragona\/wp-content\/uploads\/usu484\/2025\/11\/Captura-15-300x169.png 300w, https:\/\/agora.xtec.cat\/instarragona\/wp-content\/uploads\/usu484\/2025\/11\/Captura-15-1024x577.png 1024w, https:\/\/agora.xtec.cat\/instarragona\/wp-content\/uploads\/usu484\/2025\/11\/Captura-15-768x433.png 768w\" sizes=\"auto, (max-width: 1199px) 100vw, 1199px\" \/><\/td>\n<td style=\"width: 50%; text-align: center;\"><img loading=\"lazy\" decoding=\"async\" class=\"aligncenter size-full wp-image-6662\" src=\"https:\/\/agora.xtec.cat\/instarragona\/wp-content\/uploads\/usu484\/2025\/11\/Captura-16.png\" alt=\"\" width=\"1219\" height=\"669\" srcset=\"https:\/\/agora.xtec.cat\/instarragona\/wp-content\/uploads\/usu484\/2025\/11\/Captura-16.png 1219w, https:\/\/agora.xtec.cat\/instarragona\/wp-content\/uploads\/usu484\/2025\/11\/Captura-16-300x165.png 300w, https:\/\/agora.xtec.cat\/instarragona\/wp-content\/uploads\/usu484\/2025\/11\/Captura-16-1024x562.png 1024w, https:\/\/agora.xtec.cat\/instarragona\/wp-content\/uploads\/usu484\/2025\/11\/Captura-16-768x421.png 768w\" sizes=\"auto, (max-width: 1219px) 100vw, 1219px\" \/><\/td>\n<\/tr>\n<\/tbody>\n<\/table>\n<p data-start=\"855\" data-end=\"953\">Ens agradaria recomanar-vos la pel\u00b7l\u00edcula Mediterrani, una manera complement\u00e0ria d&#8217;aproximar-nos una mica m\u00e9s a aquesta realitat. La treballarem a les tutories!<\/p>\n<p style=\"text-align: center;\" data-start=\"855\" data-end=\"953\"><img loading=\"lazy\" decoding=\"async\" class=\"aligncenter size-full wp-image-6660\" src=\"https:\/\/agora.xtec.cat\/instarragona\/wp-content\/uploads\/usu484\/2025\/11\/trailer-teaser-mediterraneo.jpg\" alt=\"\" width=\"800\" height=\"440\" srcset=\"https:\/\/agora.xtec.cat\/instarragona\/wp-content\/uploads\/usu484\/2025\/11\/trailer-teaser-mediterraneo.jpg 800w, https:\/\/agora.xtec.cat\/instarragona\/wp-content\/uploads\/usu484\/2025\/11\/trailer-teaser-mediterraneo-300x165.jpg 300w, https:\/\/agora.xtec.cat\/instarragona\/wp-content\/uploads\/usu484\/2025\/11\/trailer-teaser-mediterraneo-768x422.jpg 768w\" sizes=\"auto, (max-width: 800px) 100vw, 800px\" \/><\/p>\n","protected":false},"excerpt":{"rendered":"<p>Aquesta setmana hem comen\u00e7at les visites al vaixell d\u2019Open Arms, l\u2019ONG que treballa per protegir la vida de les persones migrants al mar. Durant la visita, hem conegut de primera m\u00e0 la tasca que duu a terme la tripulaci\u00f3, les condicions en qu\u00e8 es fan&hellip;  <a href=\"https:\/\/agora.xtec.cat\/instarragona\/eso\/eso-1\/lopen-arms-esta-a-tgn-no-us-ho-perdeu\/\" title=\"Read L&#8217;Open Arms est\u00e0 a Tgn, no us ho perdeu!\">Llegeix m\u00e9s\u00bb<\/a><\/p>\n","protected":false},"author":1,"featured_media":6661,"comment_status":"open","ping_status":"open","sticky":false,"template":"","format":"standard","meta":{"_bbp_topic_count":0,"_bbp_reply_count":0,"_bbp_total_topic_count":0,"_bbp_total_reply_count":0,"_bbp_voice_count":0,"_bbp_anonymous_reply_count":0,"_bbp_topic_count_hidden":0,"_bbp_reply_count_hidden":0,"_bbp_forum_subforum_count":0,"footnotes":""},"categories":[4,7,29],"tags":[39,153],"class_list":["post-6658","post","type-post","status-publish","format-standard","has-post-thumbnail","hentry","category-eso-1","category-eso-4","category-portada","tag-sortides","tag-voluntariat"],"post_mailing_queue_ids":[],"_links":{"self":[{"href":"https:\/\/agora.xtec.cat\/instarragona\/wp-json\/wp\/v2\/posts\/6658","targetHints":{"allow":["GET"]}}],"collection":[{"href":"https:\/\/agora.xtec.cat\/instarragona\/wp-json\/wp\/v2\/posts"}],"about":[{"href":"https:\/\/agora.xtec.cat\/instarragona\/wp-json\/wp\/v2\/types\/post"}],"author":[{"embeddable":true,"href":"https:\/\/agora.xtec.cat\/instarragona\/wp-json\/wp\/v2\/users\/1"}],"replies":[{"embeddable":true,"href":"https:\/\/agora.xtec.cat\/instarragona\/wp-json\/wp\/v2\/comments?post=6658"}],"version-history":[{"count":1,"href":"https:\/\/agora.xtec.cat\/instarragona\/wp-json\/wp\/v2\/posts\/6658\/revisions"}],"predecessor-version":[{"id":6663,"href":"https:\/\/agora.xtec.cat\/instarragona\/wp-json\/wp\/v2\/posts\/6658\/revisions\/6663"}],"wp:featuredmedia":[{"embeddable":true,"href":"https:\/\/agora.xtec.cat\/instarragona\/wp-json\/wp\/v2\/media\/6661"}],"wp:attachment":[{"href":"https:\/\/agora.xtec.cat\/instarragona\/wp-json\/wp\/v2\/media?parent=6658"}],"wp:term":[{"taxonomy":"category","embeddable":true,"href":"https:\/\/agora.xtec.cat\/instarragona\/wp-json\/wp\/v2\/categories?post=6658"},{"taxonomy":"post_tag","embeddable":true,"href":"https:\/\/agora.xtec.cat\/instarragona\/wp-json\/wp\/v2\/tags?post=6658"}],"curies":[{"name":"wp","href":"https:\/\/api.w.org\/{rel}","templated":true}]}}