{"id":6653,"date":"2025-11-27T10:21:55","date_gmt":"2025-11-27T09:21:55","guid":{"rendered":"https:\/\/agora.xtec.cat\/instarragona\/?p=6653"},"modified":"2025-11-27T10:22:23","modified_gmt":"2025-11-27T09:22:23","slug":"taller-de-batucada","status":"publish","type":"post","link":"https:\/\/agora.xtec.cat\/instarragona\/eso\/eso-1\/taller-de-batucada\/","title":{"rendered":"Taller de batucada"},"content":{"rendered":"<p>Uns aut\u00e8ntics cracks dels timbals! Un any m\u00e9s el taller de batucada no decepciona. Un gran resultat que ens sorpr\u00e8n a tots. Guaiteu totes les <a href=\"https:\/\/drive.google.com\/drive\/folders\/1eTN27t2IPkAEZllBibuTjUM5_0SqDrNS?usp=drive_link\" target=\"_blank\" rel=\"noopener\">imatges.<\/a><\/p>\n<h4 style=\"text-align: center;\"><span style=\"color: #339966;\"><strong>Ritme, energia i treball en equip!<\/strong><\/span><\/h4>\n<p style=\"text-align: center;\"><img loading=\"lazy\" decoding=\"async\" class=\"aligncenter size-full wp-image-6654\" src=\"https:\/\/agora.xtec.cat\/instarragona\/wp-content\/uploads\/usu484\/2025\/11\/Captura-13.png\" alt=\"\" width=\"649\" height=\"641\" srcset=\"https:\/\/agora.xtec.cat\/instarragona\/wp-content\/uploads\/usu484\/2025\/11\/Captura-13.png 649w, https:\/\/agora.xtec.cat\/instarragona\/wp-content\/uploads\/usu484\/2025\/11\/Captura-13-300x296.png 300w\" sizes=\"auto, (max-width: 649px) 100vw, 649px\" \/><\/p>\n","protected":false},"excerpt":{"rendered":"<p>Uns aut\u00e8ntics cracks dels timbals! Un any m\u00e9s el taller de batucada no decepciona. Un gran resultat que ens sorpr\u00e8n a tots. Guaiteu totes les <a href=\"https:\/\/drive.google.com\/drive\/folders\/1eTN27t2IPkAEZllBibuTjUM5_0SqDrNS?usp=drive_link\" target=\"_blank\" rel=\"noopener\">imatges.<\/a><br \/>\nRitme, energia i treball en equip!<\/p>\n","protected":false},"author":1,"featured_media":6655,"comment_status":"open","ping_status":"open","sticky":false,"template":"","format":"standard","meta":{"_bbp_topic_count":0,"_bbp_reply_count":0,"_bbp_total_topic_count":0,"_bbp_total_reply_count":0,"_bbp_voice_count":0,"_bbp_anonymous_reply_count":0,"_bbp_topic_count_hidden":0,"_bbp_reply_count_hidden":0,"_bbp_forum_subforum_count":0,"footnotes":""},"categories":[4,29],"tags":[111,58],"class_list":["post-6653","post","type-post","status-publish","format-standard","has-post-thumbnail","hentry","category-eso-1","category-portada","tag-musica","tag-tallers"],"post_mailing_queue_ids":[],"_links":{"self":[{"href":"https:\/\/agora.xtec.cat\/instarragona\/wp-json\/wp\/v2\/posts\/6653","targetHints":{"allow":["GET"]}}],"collection":[{"href":"https:\/\/agora.xtec.cat\/instarragona\/wp-json\/wp\/v2\/posts"}],"about":[{"href":"https:\/\/agora.xtec.cat\/instarragona\/wp-json\/wp\/v2\/types\/post"}],"author":[{"embeddable":true,"href":"https:\/\/agora.xtec.cat\/instarragona\/wp-json\/wp\/v2\/users\/1"}],"replies":[{"embeddable":true,"href":"https:\/\/agora.xtec.cat\/instarragona\/wp-json\/wp\/v2\/comments?post=6653"}],"version-history":[{"count":2,"href":"https:\/\/agora.xtec.cat\/instarragona\/wp-json\/wp\/v2\/posts\/6653\/revisions"}],"predecessor-version":[{"id":6657,"href":"https:\/\/agora.xtec.cat\/instarragona\/wp-json\/wp\/v2\/posts\/6653\/revisions\/6657"}],"wp:featuredmedia":[{"embeddable":true,"href":"https:\/\/agora.xtec.cat\/instarragona\/wp-json\/wp\/v2\/media\/6655"}],"wp:attachment":[{"href":"https:\/\/agora.xtec.cat\/instarragona\/wp-json\/wp\/v2\/media?parent=6653"}],"wp:term":[{"taxonomy":"category","embeddable":true,"href":"https:\/\/agora.xtec.cat\/instarragona\/wp-json\/wp\/v2\/categories?post=6653"},{"taxonomy":"post_tag","embeddable":true,"href":"https:\/\/agora.xtec.cat\/instarragona\/wp-json\/wp\/v2\/tags?post=6653"}],"curies":[{"name":"wp","href":"https:\/\/api.w.org\/{rel}","templated":true}]}}