{"id":6646,"date":"2025-11-27T09:58:23","date_gmt":"2025-11-27T08:58:23","guid":{"rendered":"https:\/\/agora.xtec.cat\/instarragona\/?p=6646"},"modified":"2025-11-27T09:59:25","modified_gmt":"2025-11-27T08:59:25","slug":"servus","status":"publish","type":"post","link":"https:\/\/agora.xtec.cat\/instarragona\/portada\/servus\/","title":{"rendered":"Servus!"},"content":{"rendered":"<p><span id=\"m_6105486394074568209gmail-docs-internal-guid-811800aa-7fff-de14-58dc-6ef7ccf1607c\">La nostra auxiliar de conversa \u00e9s austr\u00edaca, i per aix\u00f2 no desaprofitem l\u2019oportunitat de descobrir la cultura del seu pa\u00eds i la variant austr\u00edaca de l\u2019alemany, l\u2019\u00d6sterreichisch, amb ella mateixa! Cada setmana ens acompanya en una de les classes d\u2019alemany de 2n de Batxillerat i ens ofereix tastets sobre el seu pa\u00eds, com en aquesta ocasi\u00f3, en qu\u00e8 ens va explicar com funciona el sistema educatiu.<\/span><\/p>\n<div class=\"yj6qo\"><img loading=\"lazy\" decoding=\"async\" class=\"aligncenter size-full wp-image-6647\" src=\"https:\/\/agora.xtec.cat\/instarragona\/wp-content\/uploads\/usu484\/2025\/11\/Captura-11.png\" alt=\"\" width=\"1531\" height=\"674\" srcset=\"https:\/\/agora.xtec.cat\/instarragona\/wp-content\/uploads\/usu484\/2025\/11\/Captura-11.png 1531w, https:\/\/agora.xtec.cat\/instarragona\/wp-content\/uploads\/usu484\/2025\/11\/Captura-11-300x132.png 300w, https:\/\/agora.xtec.cat\/instarragona\/wp-content\/uploads\/usu484\/2025\/11\/Captura-11-1024x451.png 1024w, https:\/\/agora.xtec.cat\/instarragona\/wp-content\/uploads\/usu484\/2025\/11\/Captura-11-768x338.png 768w\" sizes=\"auto, (max-width: 1531px) 100vw, 1531px\" \/><\/div>\n","protected":false},"excerpt":{"rendered":"<p>La nostra auxiliar de conversa \u00e9s austr\u00edaca, i per aix\u00f2 no desaprofitem l\u2019oportunitat de descobrir la cultura del seu pa\u00eds i la variant austr\u00edaca de l\u2019alemany, l\u2019\u00d6sterreichisch, amb ella mateixa! Cada setmana ens acompanya en una de les classes d\u2019alemany de 2n de Batxillerat i&hellip;  <a href=\"https:\/\/agora.xtec.cat\/instarragona\/portada\/servus\/\" title=\"Read Servus!\">Llegeix m\u00e9s\u00bb<\/a><\/p>\n","protected":false},"author":1,"featured_media":6647,"comment_status":"open","ping_status":"open","sticky":false,"template":"","format":"standard","meta":{"_bbp_topic_count":0,"_bbp_reply_count":0,"_bbp_total_topic_count":0,"_bbp_total_reply_count":0,"_bbp_voice_count":0,"_bbp_anonymous_reply_count":0,"_bbp_topic_count_hidden":0,"_bbp_reply_count_hidden":0,"_bbp_forum_subforum_count":0,"footnotes":""},"categories":[29],"tags":[135],"class_list":["post-6646","post","type-post","status-publish","format-standard","has-post-thumbnail","hentry","category-portada","tag-alemany"],"post_mailing_queue_ids":[],"_links":{"self":[{"href":"https:\/\/agora.xtec.cat\/instarragona\/wp-json\/wp\/v2\/posts\/6646","targetHints":{"allow":["GET"]}}],"collection":[{"href":"https:\/\/agora.xtec.cat\/instarragona\/wp-json\/wp\/v2\/posts"}],"about":[{"href":"https:\/\/agora.xtec.cat\/instarragona\/wp-json\/wp\/v2\/types\/post"}],"author":[{"embeddable":true,"href":"https:\/\/agora.xtec.cat\/instarragona\/wp-json\/wp\/v2\/users\/1"}],"replies":[{"embeddable":true,"href":"https:\/\/agora.xtec.cat\/instarragona\/wp-json\/wp\/v2\/comments?post=6646"}],"version-history":[{"count":1,"href":"https:\/\/agora.xtec.cat\/instarragona\/wp-json\/wp\/v2\/posts\/6646\/revisions"}],"predecessor-version":[{"id":6648,"href":"https:\/\/agora.xtec.cat\/instarragona\/wp-json\/wp\/v2\/posts\/6646\/revisions\/6648"}],"wp:featuredmedia":[{"embeddable":true,"href":"https:\/\/agora.xtec.cat\/instarragona\/wp-json\/wp\/v2\/media\/6647"}],"wp:attachment":[{"href":"https:\/\/agora.xtec.cat\/instarragona\/wp-json\/wp\/v2\/media?parent=6646"}],"wp:term":[{"taxonomy":"category","embeddable":true,"href":"https:\/\/agora.xtec.cat\/instarragona\/wp-json\/wp\/v2\/categories?post=6646"},{"taxonomy":"post_tag","embeddable":true,"href":"https:\/\/agora.xtec.cat\/instarragona\/wp-json\/wp\/v2\/tags?post=6646"}],"curies":[{"name":"wp","href":"https:\/\/api.w.org\/{rel}","templated":true}]}}