{"id":6643,"date":"2025-11-27T09:55:39","date_gmt":"2025-11-27T08:55:39","guid":{"rendered":"https:\/\/agora.xtec.cat\/instarragona\/?p=6643"},"modified":"2025-11-27T09:56:38","modified_gmt":"2025-11-27T08:56:38","slug":"ens-classifiquem-pel-pica-lletres-2026","status":"publish","type":"post","link":"https:\/\/agora.xtec.cat\/instarragona\/eso\/eso-3\/ens-classifiquem-pel-pica-lletres-2026\/","title":{"rendered":"Ens classifiquem pel Pica Lletres 2026"},"content":{"rendered":"<p>L&#8217;Institut Tarragona es classifica per al Pica Lletres 2026!<\/p>\n<p dir=\"auto\">El nostre institut s&#8217;ha classificat per a la fase presencial del Pica Lletres TV, el concurs d&#8217;ortografia i lletreig de Llengua Catalana m\u00e9s popular del nostre territori. Els estudiants de 3r Paula Delgado, Albert Freijanes, D\u00eddac Many\u00e9 i Cl\u00e0udia Sabat\u00e9 han estat els alumnes que, durant les \u00faltimes setmanes, han participat en la fase virtual del programa i han aconseguit que el nostre centre sigui un dels instituts finalistes.<\/p>\n<p dir=\"auto\">D&#8217;aqu\u00ed a uns mesos, alumnes representants del nostre centre assistiran a les gravacions presencials del programa en format concurs de TV.\u00a0Enhorabona als 4, campions!<\/p>\n<p style=\"text-align: center;\"><img loading=\"lazy\" decoding=\"async\" class=\"aligncenter size-full wp-image-6644\" src=\"https:\/\/agora.xtec.cat\/instarragona\/wp-content\/uploads\/usu484\/2025\/11\/Captura-10.png\" alt=\"\" width=\"1049\" height=\"680\" srcset=\"https:\/\/agora.xtec.cat\/instarragona\/wp-content\/uploads\/usu484\/2025\/11\/Captura-10.png 1049w, https:\/\/agora.xtec.cat\/instarragona\/wp-content\/uploads\/usu484\/2025\/11\/Captura-10-300x194.png 300w, https:\/\/agora.xtec.cat\/instarragona\/wp-content\/uploads\/usu484\/2025\/11\/Captura-10-1024x664.png 1024w, https:\/\/agora.xtec.cat\/instarragona\/wp-content\/uploads\/usu484\/2025\/11\/Captura-10-768x498.png 768w\" sizes=\"auto, (max-width: 1049px) 100vw, 1049px\" \/><\/p>\n","protected":false},"excerpt":{"rendered":"<p>L&#8217;Institut Tarragona es classifica per al Pica Lletres 2026!<br \/>\nEl nostre institut s&#8217;ha classificat per a la fase presencial del Pica Lletres TV, el concurs d&#8217;ortografia i lletreig de Llengua Catalana m\u00e9s popular del nostre territori. Els estudiants de 3r Paula Delgado, Albert Freijanes, D\u00eddac Many\u00e9&hellip;  <a href=\"https:\/\/agora.xtec.cat\/instarragona\/eso\/eso-3\/ens-classifiquem-pel-pica-lletres-2026\/\" title=\"Read Ens classifiquem pel Pica Lletres 2026\">Llegeix m\u00e9s\u00bb<\/a><\/p>\n","protected":false},"author":1,"featured_media":6644,"comment_status":"open","ping_status":"open","sticky":false,"template":"","format":"standard","meta":{"_bbp_topic_count":0,"_bbp_reply_count":0,"_bbp_total_topic_count":0,"_bbp_total_reply_count":0,"_bbp_voice_count":0,"_bbp_anonymous_reply_count":0,"_bbp_topic_count_hidden":0,"_bbp_reply_count_hidden":0,"_bbp_forum_subforum_count":0,"footnotes":""},"categories":[6,29],"tags":[119,104],"class_list":["post-6643","post","type-post","status-publish","format-standard","has-post-thumbnail","hentry","category-eso-3","category-portada","tag-catala","tag-concursos"],"post_mailing_queue_ids":[],"_links":{"self":[{"href":"https:\/\/agora.xtec.cat\/instarragona\/wp-json\/wp\/v2\/posts\/6643","targetHints":{"allow":["GET"]}}],"collection":[{"href":"https:\/\/agora.xtec.cat\/instarragona\/wp-json\/wp\/v2\/posts"}],"about":[{"href":"https:\/\/agora.xtec.cat\/instarragona\/wp-json\/wp\/v2\/types\/post"}],"author":[{"embeddable":true,"href":"https:\/\/agora.xtec.cat\/instarragona\/wp-json\/wp\/v2\/users\/1"}],"replies":[{"embeddable":true,"href":"https:\/\/agora.xtec.cat\/instarragona\/wp-json\/wp\/v2\/comments?post=6643"}],"version-history":[{"count":1,"href":"https:\/\/agora.xtec.cat\/instarragona\/wp-json\/wp\/v2\/posts\/6643\/revisions"}],"predecessor-version":[{"id":6645,"href":"https:\/\/agora.xtec.cat\/instarragona\/wp-json\/wp\/v2\/posts\/6643\/revisions\/6645"}],"wp:featuredmedia":[{"embeddable":true,"href":"https:\/\/agora.xtec.cat\/instarragona\/wp-json\/wp\/v2\/media\/6644"}],"wp:attachment":[{"href":"https:\/\/agora.xtec.cat\/instarragona\/wp-json\/wp\/v2\/media?parent=6643"}],"wp:term":[{"taxonomy":"category","embeddable":true,"href":"https:\/\/agora.xtec.cat\/instarragona\/wp-json\/wp\/v2\/categories?post=6643"},{"taxonomy":"post_tag","embeddable":true,"href":"https:\/\/agora.xtec.cat\/instarragona\/wp-json\/wp\/v2\/tags?post=6643"}],"curies":[{"name":"wp","href":"https:\/\/api.w.org\/{rel}","templated":true}]}}