{"id":6637,"date":"2025-11-27T09:52:03","date_gmt":"2025-11-27T08:52:03","guid":{"rendered":"https:\/\/agora.xtec.cat\/instarragona\/?p=6637"},"modified":"2025-11-27T09:52:33","modified_gmt":"2025-11-27T08:52:33","slug":"voluntariat-a-la-lliga-genuine-moeve","status":"publish","type":"post","link":"https:\/\/agora.xtec.cat\/instarragona\/eso\/eso-4\/voluntariat-a-la-lliga-genuine-moeve\/","title":{"rendered":"Voluntariat a la Lliga Genuine Moeve"},"content":{"rendered":"<p>43 alumnes de 4t han participat com a voluntaris d&#8217;un <a href=\"https:\/\/drive.google.com\/drive\/folders\/1ZWaj67GQ39_io7WvWOW-vpe_1rOpcxSC?usp=drive_link\" target=\"_blank\" rel=\"noopener\">esdeveniment<\/a> \u00fanic, la inauguraci\u00f3 i la 1a fase de la <i>Liga Genuine Moeve<\/i>, un projecte d&#8217;una lliga amb 50 equips en els que els seus jugadors s\u00f3n persones amb discapacitat. Aquesta iniciativa va sorgir al 2016 quan el N\u00e0stic de Tarragona va presentar a LALIGA\u00a0un projecte de futbol\u00a0integrador.<\/p>\n<table style=\"border-collapse: collapse; width: 100%;\">\n<tbody>\n<tr>\n<td style=\"width: 50%; text-align: center;\"><img loading=\"lazy\" decoding=\"async\" class=\"aligncenter size-full wp-image-6641\" src=\"https:\/\/agora.xtec.cat\/instarragona\/wp-content\/uploads\/usu484\/2025\/11\/Captura-9.png\" alt=\"\" width=\"912\" height=\"617\" srcset=\"https:\/\/agora.xtec.cat\/instarragona\/wp-content\/uploads\/usu484\/2025\/11\/Captura-9.png 912w, https:\/\/agora.xtec.cat\/instarragona\/wp-content\/uploads\/usu484\/2025\/11\/Captura-9-300x203.png 300w, https:\/\/agora.xtec.cat\/instarragona\/wp-content\/uploads\/usu484\/2025\/11\/Captura-9-768x520.png 768w\" sizes=\"auto, (max-width: 912px) 100vw, 912px\" \/><\/td>\n<td style=\"width: 50%; text-align: center;\"><img loading=\"lazy\" decoding=\"async\" class=\"aligncenter size-full wp-image-6640\" src=\"https:\/\/agora.xtec.cat\/instarragona\/wp-content\/uploads\/usu484\/2025\/11\/Captura-8.png\" alt=\"\" width=\"906\" height=\"643\" srcset=\"https:\/\/agora.xtec.cat\/instarragona\/wp-content\/uploads\/usu484\/2025\/11\/Captura-8.png 906w, https:\/\/agora.xtec.cat\/instarragona\/wp-content\/uploads\/usu484\/2025\/11\/Captura-8-300x213.png 300w, https:\/\/agora.xtec.cat\/instarragona\/wp-content\/uploads\/usu484\/2025\/11\/Captura-8-768x545.png 768w\" sizes=\"auto, (max-width: 906px) 100vw, 906px\" \/><\/td>\n<\/tr>\n<tr>\n<td style=\"width: 50%; text-align: center;\"><img loading=\"lazy\" decoding=\"async\" class=\"aligncenter size-full wp-image-6639\" src=\"https:\/\/agora.xtec.cat\/instarragona\/wp-content\/uploads\/usu484\/2025\/11\/Captura-7.png\" alt=\"\" width=\"897\" height=\"664\" srcset=\"https:\/\/agora.xtec.cat\/instarragona\/wp-content\/uploads\/usu484\/2025\/11\/Captura-7.png 897w, https:\/\/agora.xtec.cat\/instarragona\/wp-content\/uploads\/usu484\/2025\/11\/Captura-7-300x222.png 300w, https:\/\/agora.xtec.cat\/instarragona\/wp-content\/uploads\/usu484\/2025\/11\/Captura-7-768x569.png 768w\" sizes=\"auto, (max-width: 897px) 100vw, 897px\" \/><\/td>\n<td style=\"width: 50%; text-align: center;\"><img loading=\"lazy\" decoding=\"async\" class=\"aligncenter size-full wp-image-6638\" src=\"https:\/\/agora.xtec.cat\/instarragona\/wp-content\/uploads\/usu484\/2025\/11\/Captura-6.png\" alt=\"\" width=\"769\" height=\"602\" srcset=\"https:\/\/agora.xtec.cat\/instarragona\/wp-content\/uploads\/usu484\/2025\/11\/Captura-6.png 769w, https:\/\/agora.xtec.cat\/instarragona\/wp-content\/uploads\/usu484\/2025\/11\/Captura-6-300x235.png 300w\" sizes=\"auto, (max-width: 769px) 100vw, 769px\" \/><\/td>\n<\/tr>\n<\/tbody>\n<\/table>\n<p>&nbsp;<\/p>\n<p>&nbsp;<\/p>\n","protected":false},"excerpt":{"rendered":"<p>43 alumnes de 4t han participat com a voluntaris d&#8217;un <a href=\"https:\/\/drive.google.com\/drive\/folders\/1ZWaj67GQ39_io7WvWOW-vpe_1rOpcxSC?usp=drive_link\" target=\"_blank\" rel=\"noopener\">esdeveniment<\/a> \u00fanic, la inauguraci\u00f3 i la 1a fase de la Liga Genuine Moeve, un projecte d&#8217;una lliga amb 50 equips en els que els seus jugadors s\u00f3n persones amb discapacitat. Aquesta iniciativa&hellip;  <a href=\"https:\/\/agora.xtec.cat\/instarragona\/eso\/eso-4\/voluntariat-a-la-lliga-genuine-moeve\/\" title=\"Read Voluntariat a la Lliga Genuine Moeve\">Llegeix m\u00e9s\u00bb<\/a><\/p>\n","protected":false},"author":1,"featured_media":6641,"comment_status":"open","ping_status":"open","sticky":false,"template":"","format":"standard","meta":{"_bbp_topic_count":0,"_bbp_reply_count":0,"_bbp_total_topic_count":0,"_bbp_total_reply_count":0,"_bbp_voice_count":0,"_bbp_anonymous_reply_count":0,"_bbp_topic_count_hidden":0,"_bbp_reply_count_hidden":0,"_bbp_forum_subforum_count":0,"footnotes":""},"categories":[7,29],"tags":[99,153],"class_list":["post-6637","post","type-post","status-publish","format-standard","has-post-thumbnail","hentry","category-eso-4","category-portada","tag-projectes","tag-voluntariat"],"post_mailing_queue_ids":[],"_links":{"self":[{"href":"https:\/\/agora.xtec.cat\/instarragona\/wp-json\/wp\/v2\/posts\/6637","targetHints":{"allow":["GET"]}}],"collection":[{"href":"https:\/\/agora.xtec.cat\/instarragona\/wp-json\/wp\/v2\/posts"}],"about":[{"href":"https:\/\/agora.xtec.cat\/instarragona\/wp-json\/wp\/v2\/types\/post"}],"author":[{"embeddable":true,"href":"https:\/\/agora.xtec.cat\/instarragona\/wp-json\/wp\/v2\/users\/1"}],"replies":[{"embeddable":true,"href":"https:\/\/agora.xtec.cat\/instarragona\/wp-json\/wp\/v2\/comments?post=6637"}],"version-history":[{"count":1,"href":"https:\/\/agora.xtec.cat\/instarragona\/wp-json\/wp\/v2\/posts\/6637\/revisions"}],"predecessor-version":[{"id":6642,"href":"https:\/\/agora.xtec.cat\/instarragona\/wp-json\/wp\/v2\/posts\/6637\/revisions\/6642"}],"wp:featuredmedia":[{"embeddable":true,"href":"https:\/\/agora.xtec.cat\/instarragona\/wp-json\/wp\/v2\/media\/6641"}],"wp:attachment":[{"href":"https:\/\/agora.xtec.cat\/instarragona\/wp-json\/wp\/v2\/media?parent=6637"}],"wp:term":[{"taxonomy":"category","embeddable":true,"href":"https:\/\/agora.xtec.cat\/instarragona\/wp-json\/wp\/v2\/categories?post=6637"},{"taxonomy":"post_tag","embeddable":true,"href":"https:\/\/agora.xtec.cat\/instarragona\/wp-json\/wp\/v2\/tags?post=6637"}],"curies":[{"name":"wp","href":"https:\/\/api.w.org\/{rel}","templated":true}]}}