{"id":6632,"date":"2025-11-27T09:34:22","date_gmt":"2025-11-27T08:34:22","guid":{"rendered":"https:\/\/agora.xtec.cat\/instarragona\/?p=6632"},"modified":"2025-11-27T09:35:09","modified_gmt":"2025-11-27T08:35:09","slug":"fem-numeros-amb-les-cistelles-solidaries","status":"publish","type":"post","link":"https:\/\/agora.xtec.cat\/instarragona\/eso\/fem-numeros-amb-les-cistelles-solidaries\/","title":{"rendered":"Fem n\u00fameros amb les cistelles solid\u00e0ries"},"content":{"rendered":"<p>Aquest novembre em repr\u00e8s l\u2019activitat del Departament de Matem\u00e0tiques \u201cCistelles solid\u00e0ries\u201d en la que participa l\u2019alumnat de 1r a 3r d\u2019ESO.\u00a0L\u2019activitat inclou una sortida a un supermercat proper a l\u2019institut per fer cistelles amb productes de primera necessitat destinades al Banc dels Aliments, coincidint amb la campanya del Gran Recapte. Analitzem els productes, a quan surt el kilogram? quin valorem que val m\u00e9s la pena? per quin motiu? \u00e9s necessari en una cistella solid\u00e0ria?&#8230; Tenim un pressupost, fem n\u00fameros!<\/p>\n<p>Som bona gent, hem apr\u00e8s i ens ho hem passat genial!<\/p>\n<table style=\"border-collapse: collapse; width: 100%;\">\n<tbody>\n<tr>\n<td style=\"width: 50%; text-align: center;\"><img loading=\"lazy\" decoding=\"async\" class=\"aligncenter size-full wp-image-6633\" src=\"https:\/\/agora.xtec.cat\/instarragona\/wp-content\/uploads\/usu484\/2025\/11\/Captura-4.png\" alt=\"\" width=\"488\" height=\"667\" srcset=\"https:\/\/agora.xtec.cat\/instarragona\/wp-content\/uploads\/usu484\/2025\/11\/Captura-4.png 488w, https:\/\/agora.xtec.cat\/instarragona\/wp-content\/uploads\/usu484\/2025\/11\/Captura-4-219x300.png 219w\" sizes=\"auto, (max-width: 488px) 100vw, 488px\" \/><\/td>\n<td style=\"width: 50%; text-align: center;\"><img loading=\"lazy\" decoding=\"async\" class=\"aligncenter size-full wp-image-6634\" src=\"https:\/\/agora.xtec.cat\/instarragona\/wp-content\/uploads\/usu484\/2025\/11\/Captura2.png\" alt=\"\" width=\"479\" height=\"661\" srcset=\"https:\/\/agora.xtec.cat\/instarragona\/wp-content\/uploads\/usu484\/2025\/11\/Captura2.png 479w, https:\/\/agora.xtec.cat\/instarragona\/wp-content\/uploads\/usu484\/2025\/11\/Captura2-217x300.png 217w\" sizes=\"auto, (max-width: 479px) 100vw, 479px\" \/><\/td>\n<\/tr>\n<\/tbody>\n<\/table>\n<p>M\u00e9s <a href=\"https:\/\/drive.google.com\/drive\/folders\/1zsTercCJYV_yJktO42UqcZzR5jKJucqH?usp=drive_link\" target=\"_blank\" rel=\"noopener\">imatges<\/a>.<\/p>\n<p>&nbsp;<\/p>\n","protected":false},"excerpt":{"rendered":"<p>Aquest novembre em repr\u00e8s l\u2019activitat del Departament de Matem\u00e0tiques \u201cCistelles solid\u00e0ries\u201d en la que participa l\u2019alumnat de 1r a 3r d\u2019ESO.\u00a0L\u2019activitat inclou una sortida a un supermercat proper a l\u2019institut per fer cistelles amb productes de primera necessitat destinades al Banc dels Aliments, coincidint amb&hellip;  <a href=\"https:\/\/agora.xtec.cat\/instarragona\/eso\/fem-numeros-amb-les-cistelles-solidaries\/\" title=\"Read Fem n\u00fameros amb les cistelles solid\u00e0ries\">Llegeix m\u00e9s\u00bb<\/a><\/p>\n","protected":false},"author":1,"featured_media":6636,"comment_status":"open","ping_status":"open","sticky":false,"template":"","format":"standard","meta":{"_bbp_topic_count":0,"_bbp_reply_count":0,"_bbp_total_topic_count":0,"_bbp_total_reply_count":0,"_bbp_voice_count":0,"_bbp_anonymous_reply_count":0,"_bbp_topic_count_hidden":0,"_bbp_reply_count_hidden":0,"_bbp_forum_subforum_count":0,"footnotes":""},"categories":[3,29],"tags":[41,99],"class_list":["post-6632","post","type-post","status-publish","format-standard","has-post-thumbnail","hentry","category-eso","category-portada","tag-matematiques","tag-projectes"],"post_mailing_queue_ids":[],"_links":{"self":[{"href":"https:\/\/agora.xtec.cat\/instarragona\/wp-json\/wp\/v2\/posts\/6632","targetHints":{"allow":["GET"]}}],"collection":[{"href":"https:\/\/agora.xtec.cat\/instarragona\/wp-json\/wp\/v2\/posts"}],"about":[{"href":"https:\/\/agora.xtec.cat\/instarragona\/wp-json\/wp\/v2\/types\/post"}],"author":[{"embeddable":true,"href":"https:\/\/agora.xtec.cat\/instarragona\/wp-json\/wp\/v2\/users\/1"}],"replies":[{"embeddable":true,"href":"https:\/\/agora.xtec.cat\/instarragona\/wp-json\/wp\/v2\/comments?post=6632"}],"version-history":[{"count":1,"href":"https:\/\/agora.xtec.cat\/instarragona\/wp-json\/wp\/v2\/posts\/6632\/revisions"}],"predecessor-version":[{"id":6635,"href":"https:\/\/agora.xtec.cat\/instarragona\/wp-json\/wp\/v2\/posts\/6632\/revisions\/6635"}],"wp:featuredmedia":[{"embeddable":true,"href":"https:\/\/agora.xtec.cat\/instarragona\/wp-json\/wp\/v2\/media\/6636"}],"wp:attachment":[{"href":"https:\/\/agora.xtec.cat\/instarragona\/wp-json\/wp\/v2\/media?parent=6632"}],"wp:term":[{"taxonomy":"category","embeddable":true,"href":"https:\/\/agora.xtec.cat\/instarragona\/wp-json\/wp\/v2\/categories?post=6632"},{"taxonomy":"post_tag","embeddable":true,"href":"https:\/\/agora.xtec.cat\/instarragona\/wp-json\/wp\/v2\/tags?post=6632"}],"curies":[{"name":"wp","href":"https:\/\/api.w.org\/{rel}","templated":true}]}}