{"id":6616,"date":"2025-11-16T12:39:06","date_gmt":"2025-11-16T11:39:06","guid":{"rendered":"https:\/\/agora.xtec.cat\/instarragona\/?p=6616"},"modified":"2025-11-16T12:59:45","modified_gmt":"2025-11-16T11:59:45","slug":"de-bat-a-bat","status":"publish","type":"post","link":"https:\/\/agora.xtec.cat\/instarragona\/portada\/de-bat-a-bat\/","title":{"rendered":"De Bat a Bat"},"content":{"rendered":"<p>Hem assistit a la III Jornada de Bat a Bat, organitzada pel Col\u00b7legi Oficial de Psicologia de Catalunya, Delegaci\u00f3 de Tarragona al Palau de Congressos. Aquesta edici\u00f3 es va centrar en les Relacions Socials: l&#8217;empatia, l&#8217;assertivitat i les relacions sanes. Hi van anar els alumnes de 4t ESO de Filosofia i de Formaci\u00f3 i Orientaci\u00f3 Personal i Professional aix\u00ed com els alumnes de Psicologia de Bat. Erem 1300 estudiants! Va ser una gran experi\u00e8ncia.<\/p>\n<p style=\"text-align: center;\"><img loading=\"lazy\" decoding=\"async\" class=\"aligncenter size-full wp-image-6617\" src=\"https:\/\/agora.xtec.cat\/instarragona\/wp-content\/uploads\/usu484\/2025\/11\/Captura-de-pantalla-2025-11-16-123619.png\" alt=\"\" width=\"736\" height=\"514\" srcset=\"https:\/\/agora.xtec.cat\/instarragona\/wp-content\/uploads\/usu484\/2025\/11\/Captura-de-pantalla-2025-11-16-123619.png 736w, https:\/\/agora.xtec.cat\/instarragona\/wp-content\/uploads\/usu484\/2025\/11\/Captura-de-pantalla-2025-11-16-123619-300x210.png 300w\" sizes=\"auto, (max-width: 736px) 100vw, 736px\" \/><\/p>\n<p>&nbsp;<\/p>\n<div><\/div>\n","protected":false},"excerpt":{"rendered":"<p>Hem assistit a la III Jornada de Bat a Bat, organitzada pel Col\u00b7legi Oficial de Psicologia de Catalunya, Delegaci\u00f3 de Tarragona al Palau de Congressos. Aquesta edici\u00f3 es va centrar en les Relacions Socials: l&#8217;empatia, l&#8217;assertivitat i les relacions sanes. Hi van anar els alumnes&hellip;  <a href=\"https:\/\/agora.xtec.cat\/instarragona\/portada\/de-bat-a-bat\/\" title=\"Read De Bat a Bat\">Llegeix m\u00e9s\u00bb<\/a><\/p>\n","protected":false},"author":1,"featured_media":0,"comment_status":"open","ping_status":"open","sticky":false,"template":"","format":"standard","meta":{"_bbp_topic_count":0,"_bbp_reply_count":0,"_bbp_total_topic_count":0,"_bbp_total_reply_count":0,"_bbp_voice_count":0,"_bbp_anonymous_reply_count":0,"_bbp_topic_count_hidden":0,"_bbp_reply_count_hidden":0,"_bbp_forum_subforum_count":0,"footnotes":""},"categories":[29],"tags":[102],"class_list":["post-6616","post","type-post","status-publish","format-standard","hentry","category-portada","tag-orientacio"],"post_mailing_queue_ids":[],"_links":{"self":[{"href":"https:\/\/agora.xtec.cat\/instarragona\/wp-json\/wp\/v2\/posts\/6616","targetHints":{"allow":["GET"]}}],"collection":[{"href":"https:\/\/agora.xtec.cat\/instarragona\/wp-json\/wp\/v2\/posts"}],"about":[{"href":"https:\/\/agora.xtec.cat\/instarragona\/wp-json\/wp\/v2\/types\/post"}],"author":[{"embeddable":true,"href":"https:\/\/agora.xtec.cat\/instarragona\/wp-json\/wp\/v2\/users\/1"}],"replies":[{"embeddable":true,"href":"https:\/\/agora.xtec.cat\/instarragona\/wp-json\/wp\/v2\/comments?post=6616"}],"version-history":[{"count":4,"href":"https:\/\/agora.xtec.cat\/instarragona\/wp-json\/wp\/v2\/posts\/6616\/revisions"}],"predecessor-version":[{"id":6631,"href":"https:\/\/agora.xtec.cat\/instarragona\/wp-json\/wp\/v2\/posts\/6616\/revisions\/6631"}],"wp:attachment":[{"href":"https:\/\/agora.xtec.cat\/instarragona\/wp-json\/wp\/v2\/media?parent=6616"}],"wp:term":[{"taxonomy":"category","embeddable":true,"href":"https:\/\/agora.xtec.cat\/instarragona\/wp-json\/wp\/v2\/categories?post=6616"},{"taxonomy":"post_tag","embeddable":true,"href":"https:\/\/agora.xtec.cat\/instarragona\/wp-json\/wp\/v2\/tags?post=6616"}],"curies":[{"name":"wp","href":"https:\/\/api.w.org\/{rel}","templated":true}]}}