{"id":6612,"date":"2025-11-16T12:34:49","date_gmt":"2025-11-16T11:34:49","guid":{"rendered":"https:\/\/agora.xtec.cat\/instarragona\/?p=6612"},"modified":"2025-11-16T12:34:49","modified_gmt":"2025-11-16T11:34:49","slug":"parlem-de-tu-projecte-social-artistic","status":"publish","type":"post","link":"https:\/\/agora.xtec.cat\/instarragona\/eso\/eso-3\/parlem-de-tu-projecte-social-artistic\/","title":{"rendered":"Parlem de tu? Projecte social-art\u00edstic"},"content":{"rendered":"<p dir=\"auto\">En el projecte trimestral &#8220;Parlem de tu?&#8221; de 3r d&#8217;ESO ens aproximem un cop m\u00e9s a la realitat femenina que de tant i tant hem d&#8217;anar recordant per pendren consci\u00e8ncia. Avui ens toca destacar dues de les activitats que hi hem incl\u00f2s aquest curs:<\/p>\n<ul>\n<li dir=\"auto\">La xerrada que vam tenir amb la Teresa Fortuny i la Lourdes Latorre, en la qual ens van explicar la seva experi\u00e8ncia, una d&#8217;elles com a dona lluitadora pels drets dels treballadors\/\u00e9s i l&#8217;altra com a fundadora del primer centre de planificaci\u00f3 familiar de Tarragona.<\/li>\n<li dir=\"auto\">La sortida guiada a Reus sota el t\u00edtol &#8220;1915. Revoluci\u00f3 femenina a Reus&#8221;, on els alumnes recorren diferents espais emblem\u00e0tics relacionats amb la vida de les dones obreres: f\u00e0briques, rentadors, llocs i altres escenaris on van tenir lloc les lluites laborals. Una relexi\u00f3 cr\u00edtica sobre el paper de les dones en aquell per\u00edode, la seva situaci\u00f3 social i laboral i com va emergir un moviment de reivindicaci\u00f3 femenina.<\/li>\n<\/ul>\n<p dir=\"auto\" style=\"text-align: center;\"><img loading=\"lazy\" decoding=\"async\" class=\"aligncenter size-full wp-image-6613\" src=\"https:\/\/agora.xtec.cat\/instarragona\/wp-content\/uploads\/usu484\/2025\/11\/Captura-de-pantalla-2025-11-16-123215.png\" alt=\"\" width=\"784\" height=\"639\" srcset=\"https:\/\/agora.xtec.cat\/instarragona\/wp-content\/uploads\/usu484\/2025\/11\/Captura-de-pantalla-2025-11-16-123215.png 784w, https:\/\/agora.xtec.cat\/instarragona\/wp-content\/uploads\/usu484\/2025\/11\/Captura-de-pantalla-2025-11-16-123215-300x245.png 300w, https:\/\/agora.xtec.cat\/instarragona\/wp-content\/uploads\/usu484\/2025\/11\/Captura-de-pantalla-2025-11-16-123215-768x626.png 768w\" sizes=\"auto, (max-width: 784px) 100vw, 784px\" \/><\/p>\n","protected":false},"excerpt":{"rendered":"<p>En el projecte trimestral &#8220;Parlem de tu?&#8221; de 3r d&#8217;ESO ens aproximem un cop m\u00e9s a la realitat femenina que de tant i tant hem d&#8217;anar recordant per pendren consci\u00e8ncia. Avui ens toca destacar dues de les activitats que hi hem incl\u00f2s aquest curs:<\/p>\n<ul>\n<li dir=\"auto\">La&hellip;  <a href=\"https:\/\/agora.xtec.cat\/instarragona\/eso\/eso-3\/parlem-de-tu-projecte-social-artistic\/\" title=\"Read Parlem de tu? Projecte social-art\u00edstic\">Llegeix m\u00e9s\u00bb<\/a><br \/>\n","protected":false},"author":1,"featured_media":6614,"comment_status":"open","ping_status":"open","sticky":false,"template":"","format":"standard","meta":{"_bbp_topic_count":0,"_bbp_reply_count":0,"_bbp_total_topic_count":0,"_bbp_total_reply_count":0,"_bbp_voice_count":0,"_bbp_anonymous_reply_count":0,"_bbp_topic_count_hidden":0,"_bbp_reply_count_hidden":0,"_bbp_forum_subforum_count":0,"footnotes":""},"categories":[6,29],"tags":[99,120,117],"class_list":["post-6612","post","type-post","status-publish","format-standard","has-post-thumbnail","hentry","category-eso-3","category-portada","tag-projectes","tag-socials","tag-visual-i-plastica"],"post_mailing_queue_ids":[],"_links":{"self":[{"href":"https:\/\/agora.xtec.cat\/instarragona\/wp-json\/wp\/v2\/posts\/6612","targetHints":{"allow":["GET"]}}],"collection":[{"href":"https:\/\/agora.xtec.cat\/instarragona\/wp-json\/wp\/v2\/posts"}],"about":[{"href":"https:\/\/agora.xtec.cat\/instarragona\/wp-json\/wp\/v2\/types\/post"}],"author":[{"embeddable":true,"href":"https:\/\/agora.xtec.cat\/instarragona\/wp-json\/wp\/v2\/users\/1"}],"replies":[{"embeddable":true,"href":"https:\/\/agora.xtec.cat\/instarragona\/wp-json\/wp\/v2\/comments?post=6612"}],"version-history":[{"count":1,"href":"https:\/\/agora.xtec.cat\/instarragona\/wp-json\/wp\/v2\/posts\/6612\/revisions"}],"predecessor-version":[{"id":6615,"href":"https:\/\/agora.xtec.cat\/instarragona\/wp-json\/wp\/v2\/posts\/6612\/revisions\/6615"}],"wp:featuredmedia":[{"embeddable":true,"href":"https:\/\/agora.xtec.cat\/instarragona\/wp-json\/wp\/v2\/media\/6614"}],"wp:attachment":[{"href":"https:\/\/agora.xtec.cat\/instarragona\/wp-json\/wp\/v2\/media?parent=6612"}],"wp:term":[{"taxonomy":"category","embeddable":true,"href":"https:\/\/agora.xtec.cat\/instarragona\/wp-json\/wp\/v2\/categories?post=6612"},{"taxonomy":"post_tag","embeddable":true,"href":"https:\/\/agora.xtec.cat\/instarragona\/wp-json\/wp\/v2\/tags?post=6612"}],"curies":[{"name":"wp","href":"https:\/\/api.w.org\/{rel}","templated":true}]}}