{"id":6609,"date":"2025-11-16T12:21:35","date_gmt":"2025-11-16T11:21:35","guid":{"rendered":"https:\/\/agora.xtec.cat\/instarragona\/?p=6609"},"modified":"2025-11-16T12:21:35","modified_gmt":"2025-11-16T11:21:35","slug":"participacio-del-4t-deso-al-gran-recapte","status":"publish","type":"post","link":"https:\/\/agora.xtec.cat\/instarragona\/eso\/eso-4\/participacio-del-4t-deso-al-gran-recapte\/","title":{"rendered":"Participaci\u00f3 del 4t d\u2019ESO al Gran Recapte"},"content":{"rendered":"<p data-start=\"80\" data-end=\"386\">Aquest any, el Gran Recapte ha tornat a mobilitzar milers de persones arreu del territori amb l\u2019objectiu de recollir aliments per a les fam\u00edlies que m\u00e9s ho necessiten. Entre els voluntaris, com no, no hi podien faltar els nostres alumnes de 4t d\u2019ESO.<\/p>\n<p data-start=\"388\" data-end=\"669\">Durant la jornada, van ajudar en diferents tasques: informar la ciutadania, classificar els productes i col\u00b7laborar en l\u2019organitzaci\u00f3 log\u00edstica dels punts de recollida. La implicaci\u00f3 i l&#8217;entusiasme no hi van faltar, un aut\u00e8ntic <a href=\"https:\/\/drive.google.com\/drive\/folders\/18m1AEOX3SXToKFrYSSlS7_1mGiLyTswu?usp=sharing\" target=\"_blank\" rel=\"noopener\">treball d&#8217;equip<\/a>!<\/p>\n<p data-start=\"671\" data-end=\"990\">La participaci\u00f3 dels joves en iniciatives com aquesta no nom\u00e9s refor\u00e7a el valor de la solidaritat, sin\u00f3 que tamb\u00e9 els permet prendre consci\u00e8ncia de la realitat social que els envolta. Petits gestos poden generar un gran impacte. L&#8217;any vinent hi tornarem!<\/p>\n<p style=\"text-align: center;\" data-start=\"671\" data-end=\"990\"><img loading=\"lazy\" decoding=\"async\" class=\"aligncenter size-full wp-image-6610\" src=\"https:\/\/agora.xtec.cat\/instarragona\/wp-content\/uploads\/usu484\/2025\/11\/Captura-de-pantalla-2025-11-16-121523.png\" alt=\"\" width=\"910\" height=\"619\" srcset=\"https:\/\/agora.xtec.cat\/instarragona\/wp-content\/uploads\/usu484\/2025\/11\/Captura-de-pantalla-2025-11-16-121523.png 910w, https:\/\/agora.xtec.cat\/instarragona\/wp-content\/uploads\/usu484\/2025\/11\/Captura-de-pantalla-2025-11-16-121523-300x204.png 300w, https:\/\/agora.xtec.cat\/instarragona\/wp-content\/uploads\/usu484\/2025\/11\/Captura-de-pantalla-2025-11-16-121523-768x522.png 768w\" sizes=\"auto, (max-width: 910px) 100vw, 910px\" \/><\/p>\n","protected":false},"excerpt":{"rendered":"<p>Aquest any, el Gran Recapte ha tornat a mobilitzar milers de persones arreu del territori amb l\u2019objectiu de recollir aliments per a les fam\u00edlies que m\u00e9s ho necessiten. Entre els voluntaris, com no, no hi podien faltar els nostres alumnes de 4t d\u2019ESO.<br \/>\nDurant la jornada,&hellip;  <a href=\"https:\/\/agora.xtec.cat\/instarragona\/eso\/eso-4\/participacio-del-4t-deso-al-gran-recapte\/\" title=\"Read Participaci\u00f3 del 4t d\u2019ESO al Gran Recapte\">Llegeix m\u00e9s\u00bb<\/a><\/p>\n","protected":false},"author":1,"featured_media":6610,"comment_status":"open","ping_status":"open","sticky":false,"template":"","format":"standard","meta":{"_bbp_topic_count":0,"_bbp_reply_count":0,"_bbp_total_topic_count":0,"_bbp_total_reply_count":0,"_bbp_voice_count":0,"_bbp_anonymous_reply_count":0,"_bbp_topic_count_hidden":0,"_bbp_reply_count_hidden":0,"_bbp_forum_subforum_count":0,"footnotes":""},"categories":[7,29],"tags":[99],"class_list":["post-6609","post","type-post","status-publish","format-standard","has-post-thumbnail","hentry","category-eso-4","category-portada","tag-projectes"],"post_mailing_queue_ids":[],"_links":{"self":[{"href":"https:\/\/agora.xtec.cat\/instarragona\/wp-json\/wp\/v2\/posts\/6609","targetHints":{"allow":["GET"]}}],"collection":[{"href":"https:\/\/agora.xtec.cat\/instarragona\/wp-json\/wp\/v2\/posts"}],"about":[{"href":"https:\/\/agora.xtec.cat\/instarragona\/wp-json\/wp\/v2\/types\/post"}],"author":[{"embeddable":true,"href":"https:\/\/agora.xtec.cat\/instarragona\/wp-json\/wp\/v2\/users\/1"}],"replies":[{"embeddable":true,"href":"https:\/\/agora.xtec.cat\/instarragona\/wp-json\/wp\/v2\/comments?post=6609"}],"version-history":[{"count":1,"href":"https:\/\/agora.xtec.cat\/instarragona\/wp-json\/wp\/v2\/posts\/6609\/revisions"}],"predecessor-version":[{"id":6611,"href":"https:\/\/agora.xtec.cat\/instarragona\/wp-json\/wp\/v2\/posts\/6609\/revisions\/6611"}],"wp:featuredmedia":[{"embeddable":true,"href":"https:\/\/agora.xtec.cat\/instarragona\/wp-json\/wp\/v2\/media\/6610"}],"wp:attachment":[{"href":"https:\/\/agora.xtec.cat\/instarragona\/wp-json\/wp\/v2\/media?parent=6609"}],"wp:term":[{"taxonomy":"category","embeddable":true,"href":"https:\/\/agora.xtec.cat\/instarragona\/wp-json\/wp\/v2\/categories?post=6609"},{"taxonomy":"post_tag","embeddable":true,"href":"https:\/\/agora.xtec.cat\/instarragona\/wp-json\/wp\/v2\/tags?post=6609"}],"curies":[{"name":"wp","href":"https:\/\/api.w.org\/{rel}","templated":true}]}}