{"id":6606,"date":"2025-11-16T12:14:18","date_gmt":"2025-11-16T11:14:18","guid":{"rendered":"https:\/\/agora.xtec.cat\/instarragona\/?p=6606"},"modified":"2025-11-16T12:14:18","modified_gmt":"2025-11-16T11:14:18","slug":"erasmus-de-llarga-durada-un-plaer","status":"publish","type":"post","link":"https:\/\/agora.xtec.cat\/instarragona\/batxillerat\/erasmus-de-llarga-durada-un-plaer\/","title":{"rendered":"Erasmus+ de llarga durada. Un plaer!"},"content":{"rendered":"<p>Els nostres alumnes internacionals que van venir en un projecte Erasmus de llarga durada ja han marxat. En Willy i la Melissa van arribar de Fran\u00e7a, concretament de Lille i en Lukman i el Tom de D\u00fcsseldorf, Alemanya. Durant un mes s&#8217;han allotjat a casa de 4 dels nostres alumnes de batxillerat i ara s\u00f3n ells els que viatjaran als seus respectius paisos i podran gaudir tamb\u00e9 de la beca Erasmus.<\/p>\n<p>Volem agrair la seva estada i de cor desitgem que l&#8217;experi\u00e8ncia hagi estat \u00fanica i totalment enriquidora. Per nosaltres ha estat un plaer!<\/p>\n<p style=\"text-align: center;\"><img loading=\"lazy\" decoding=\"async\" class=\"aligncenter size-full wp-image-6607\" src=\"https:\/\/agora.xtec.cat\/instarragona\/wp-content\/uploads\/usu484\/2025\/11\/Captura-de-pantalla-2025-11-16-120637.png\" alt=\"\" width=\"910\" height=\"634\" srcset=\"https:\/\/agora.xtec.cat\/instarragona\/wp-content\/uploads\/usu484\/2025\/11\/Captura-de-pantalla-2025-11-16-120637.png 910w, https:\/\/agora.xtec.cat\/instarragona\/wp-content\/uploads\/usu484\/2025\/11\/Captura-de-pantalla-2025-11-16-120637-300x209.png 300w, https:\/\/agora.xtec.cat\/instarragona\/wp-content\/uploads\/usu484\/2025\/11\/Captura-de-pantalla-2025-11-16-120637-768x535.png 768w\" sizes=\"auto, (max-width: 910px) 100vw, 910px\" \/><\/p>\n<p style=\"text-align: center;\"><img loading=\"lazy\" decoding=\"async\" class=\"aligncenter size-full wp-image-5551\" src=\"https:\/\/agora.xtec.cat\/instarragona\/wp-content\/uploads\/usu484\/2024\/11\/images.png\" alt=\"\" width=\"420\" height=\"120\" srcset=\"https:\/\/agora.xtec.cat\/instarragona\/wp-content\/uploads\/usu484\/2024\/11\/images.png 420w, https:\/\/agora.xtec.cat\/instarragona\/wp-content\/uploads\/usu484\/2024\/11\/images-300x86.png 300w\" sizes=\"auto, (max-width: 420px) 100vw, 420px\" \/><\/p>\n","protected":false},"excerpt":{"rendered":"<p>Els nostres alumnes internacionals que van venir en un projecte Erasmus de llarga durada ja han marxat. En Willy i la Melissa van arribar de Fran\u00e7a, concretament de Lille i en Lukman i el Tom de D\u00fcsseldorf, Alemanya. Durant un mes s&#8217;han allotjat a casa&hellip;  <a href=\"https:\/\/agora.xtec.cat\/instarragona\/batxillerat\/erasmus-de-llarga-durada-un-plaer\/\" title=\"Read Erasmus+ de llarga durada. Un plaer!\">Llegeix m\u00e9s\u00bb<\/a><\/p>\n","protected":false},"author":1,"featured_media":6607,"comment_status":"open","ping_status":"open","sticky":false,"template":"","format":"standard","meta":{"_bbp_topic_count":0,"_bbp_reply_count":0,"_bbp_total_topic_count":0,"_bbp_total_reply_count":0,"_bbp_voice_count":0,"_bbp_anonymous_reply_count":0,"_bbp_topic_count_hidden":0,"_bbp_reply_count_hidden":0,"_bbp_forum_subforum_count":0,"footnotes":""},"categories":[8,29],"tags":[145,147,101],"class_list":["post-6606","post","type-post","status-publish","format-standard","has-post-thumbnail","hentry","category-batxillerat","category-portada","tag-erasmus-acretitation","tag-erasmus-llarga-durada","tag-erasmus"],"post_mailing_queue_ids":[],"_links":{"self":[{"href":"https:\/\/agora.xtec.cat\/instarragona\/wp-json\/wp\/v2\/posts\/6606","targetHints":{"allow":["GET"]}}],"collection":[{"href":"https:\/\/agora.xtec.cat\/instarragona\/wp-json\/wp\/v2\/posts"}],"about":[{"href":"https:\/\/agora.xtec.cat\/instarragona\/wp-json\/wp\/v2\/types\/post"}],"author":[{"embeddable":true,"href":"https:\/\/agora.xtec.cat\/instarragona\/wp-json\/wp\/v2\/users\/1"}],"replies":[{"embeddable":true,"href":"https:\/\/agora.xtec.cat\/instarragona\/wp-json\/wp\/v2\/comments?post=6606"}],"version-history":[{"count":1,"href":"https:\/\/agora.xtec.cat\/instarragona\/wp-json\/wp\/v2\/posts\/6606\/revisions"}],"predecessor-version":[{"id":6608,"href":"https:\/\/agora.xtec.cat\/instarragona\/wp-json\/wp\/v2\/posts\/6606\/revisions\/6608"}],"wp:featuredmedia":[{"embeddable":true,"href":"https:\/\/agora.xtec.cat\/instarragona\/wp-json\/wp\/v2\/media\/6607"}],"wp:attachment":[{"href":"https:\/\/agora.xtec.cat\/instarragona\/wp-json\/wp\/v2\/media?parent=6606"}],"wp:term":[{"taxonomy":"category","embeddable":true,"href":"https:\/\/agora.xtec.cat\/instarragona\/wp-json\/wp\/v2\/categories?post=6606"},{"taxonomy":"post_tag","embeddable":true,"href":"https:\/\/agora.xtec.cat\/instarragona\/wp-json\/wp\/v2\/tags?post=6606"}],"curies":[{"name":"wp","href":"https:\/\/api.w.org\/{rel}","templated":true}]}}