{"id":6586,"date":"2025-11-07T12:27:13","date_gmt":"2025-11-07T11:27:13","guid":{"rendered":"https:\/\/agora.xtec.cat\/instarragona\/?p=6586"},"modified":"2025-11-07T12:27:20","modified_gmt":"2025-11-07T11:27:20","slug":"projectes-que-decoren","status":"publish","type":"post","link":"https:\/\/agora.xtec.cat\/instarragona\/eso\/eso-1\/projectes-que-decoren\/","title":{"rendered":"Projectes que decoren"},"content":{"rendered":"<p data-start=\"245\" data-end=\"614\">Aquest curs, els projecte de centre de 1r d&#8217;ESO ha omplert el nostre institut de color, alegria i tradici\u00f3. Inspirant-nos en Santa Tecla i les festes de Tarragona, l\u2019alumnat ha treballat per decorar els espais amb elements que recorden la cultura popular de la ciutat: gegants, castellers, el bestiari festiu i els t\u00edpics colors i s\u00edmbols de la celebraci\u00f3.<\/p>\n<p style=\"text-align: center;\" data-start=\"847\" data-end=\"1094\"><img loading=\"lazy\" decoding=\"async\" class=\"aligncenter size-full wp-image-6587\" src=\"https:\/\/agora.xtec.cat\/instarragona\/wp-content\/uploads\/usu484\/2025\/11\/Captura.png\" alt=\"\" width=\"810\" height=\"574\" srcset=\"https:\/\/agora.xtec.cat\/instarragona\/wp-content\/uploads\/usu484\/2025\/11\/Captura.png 810w, https:\/\/agora.xtec.cat\/instarragona\/wp-content\/uploads\/usu484\/2025\/11\/Captura-300x213.png 300w, https:\/\/agora.xtec.cat\/instarragona\/wp-content\/uploads\/usu484\/2025\/11\/Captura-768x544.png 768w\" sizes=\"auto, (max-width: 810px) 100vw, 810px\" \/><\/p>\n","protected":false},"excerpt":{"rendered":"<p>Aquest curs, els projecte de centre de 1r d&#8217;ESO ha omplert el nostre institut de color, alegria i tradici\u00f3. Inspirant-nos en Santa Tecla i les festes de Tarragona, l\u2019alumnat ha treballat per decorar els espais amb elements que recorden la cultura popular de la ciutat:&hellip;  <a href=\"https:\/\/agora.xtec.cat\/instarragona\/eso\/eso-1\/projectes-que-decoren\/\" title=\"Read Projectes que decoren\">Llegeix m\u00e9s\u00bb<\/a><\/p>\n","protected":false},"author":1,"featured_media":6587,"comment_status":"open","ping_status":"open","sticky":false,"template":"","format":"standard","meta":{"_bbp_topic_count":0,"_bbp_reply_count":0,"_bbp_total_topic_count":0,"_bbp_total_reply_count":0,"_bbp_voice_count":0,"_bbp_anonymous_reply_count":0,"_bbp_topic_count_hidden":0,"_bbp_reply_count_hidden":0,"_bbp_forum_subforum_count":0,"footnotes":""},"categories":[4,29],"tags":[99],"class_list":["post-6586","post","type-post","status-publish","format-standard","has-post-thumbnail","hentry","category-eso-1","category-portada","tag-projectes"],"post_mailing_queue_ids":[],"_links":{"self":[{"href":"https:\/\/agora.xtec.cat\/instarragona\/wp-json\/wp\/v2\/posts\/6586","targetHints":{"allow":["GET"]}}],"collection":[{"href":"https:\/\/agora.xtec.cat\/instarragona\/wp-json\/wp\/v2\/posts"}],"about":[{"href":"https:\/\/agora.xtec.cat\/instarragona\/wp-json\/wp\/v2\/types\/post"}],"author":[{"embeddable":true,"href":"https:\/\/agora.xtec.cat\/instarragona\/wp-json\/wp\/v2\/users\/1"}],"replies":[{"embeddable":true,"href":"https:\/\/agora.xtec.cat\/instarragona\/wp-json\/wp\/v2\/comments?post=6586"}],"version-history":[{"count":1,"href":"https:\/\/agora.xtec.cat\/instarragona\/wp-json\/wp\/v2\/posts\/6586\/revisions"}],"predecessor-version":[{"id":6588,"href":"https:\/\/agora.xtec.cat\/instarragona\/wp-json\/wp\/v2\/posts\/6586\/revisions\/6588"}],"wp:featuredmedia":[{"embeddable":true,"href":"https:\/\/agora.xtec.cat\/instarragona\/wp-json\/wp\/v2\/media\/6587"}],"wp:attachment":[{"href":"https:\/\/agora.xtec.cat\/instarragona\/wp-json\/wp\/v2\/media?parent=6586"}],"wp:term":[{"taxonomy":"category","embeddable":true,"href":"https:\/\/agora.xtec.cat\/instarragona\/wp-json\/wp\/v2\/categories?post=6586"},{"taxonomy":"post_tag","embeddable":true,"href":"https:\/\/agora.xtec.cat\/instarragona\/wp-json\/wp\/v2\/tags?post=6586"}],"curies":[{"name":"wp","href":"https:\/\/api.w.org\/{rel}","templated":true}]}}