{"id":6579,"date":"2025-10-24T11:53:52","date_gmt":"2025-10-24T09:53:52","guid":{"rendered":"https:\/\/agora.xtec.cat\/instarragona\/?p=6579"},"modified":"2025-10-24T11:53:52","modified_gmt":"2025-10-24T09:53:52","slug":"canvi-climatic-passat-present-i-futur-3","status":"publish","type":"post","link":"https:\/\/agora.xtec.cat\/instarragona\/batxillerat\/canvi-climatic-passat-present-i-futur-3\/","title":{"rendered":"Canvi clim\u00e0tic: passat, present i futur"},"content":{"rendered":"<p>El doctor en geografia de la URV i membre del grup de recerca de canvi clim\u00e0tic, Javier Sigr\u00f3, va impartir una confer\u00e8ncia amb el t\u00edtol: &#8220;Canvi clim\u00e0tic: passat, present i futur&#8221; als alumnes de geografia i ODS de 2n de Batxillerat. \u00c9s una xerrada que mai pot faltar!<\/p>\n<p style=\"text-align: center;\"><img loading=\"lazy\" decoding=\"async\" class=\"aligncenter size-full wp-image-6580\" src=\"https:\/\/agora.xtec.cat\/instarragona\/wp-content\/uploads\/usu484\/2025\/10\/Captura-3.png\" alt=\"\" width=\"883\" height=\"489\" srcset=\"https:\/\/agora.xtec.cat\/instarragona\/wp-content\/uploads\/usu484\/2025\/10\/Captura-3.png 883w, https:\/\/agora.xtec.cat\/instarragona\/wp-content\/uploads\/usu484\/2025\/10\/Captura-3-300x166.png 300w, https:\/\/agora.xtec.cat\/instarragona\/wp-content\/uploads\/usu484\/2025\/10\/Captura-3-768x425.png 768w\" sizes=\"auto, (max-width: 883px) 100vw, 883px\" \/><\/p>\n","protected":false},"excerpt":{"rendered":"<p>El doctor en geografia de la URV i membre del grup de recerca de canvi clim\u00e0tic, Javier Sigr\u00f3, va impartir una confer\u00e8ncia amb el t\u00edtol: &#8220;Canvi clim\u00e0tic: passat, present i futur&#8221; als alumnes de geografia i ODS de 2n de Batxillerat. \u00c9s una xerrada que&hellip;  <a href=\"https:\/\/agora.xtec.cat\/instarragona\/batxillerat\/canvi-climatic-passat-present-i-futur-3\/\" title=\"Read Canvi clim\u00e0tic: passat, present i futur\">Llegeix m\u00e9s\u00bb<\/a><\/p>\n","protected":false},"author":1,"featured_media":0,"comment_status":"open","ping_status":"open","sticky":false,"template":"","format":"standard","meta":{"_bbp_topic_count":0,"_bbp_reply_count":0,"_bbp_total_topic_count":0,"_bbp_total_reply_count":0,"_bbp_voice_count":0,"_bbp_anonymous_reply_count":0,"_bbp_topic_count_hidden":0,"_bbp_reply_count_hidden":0,"_bbp_forum_subforum_count":0,"footnotes":""},"categories":[8,29],"tags":[133,44],"class_list":["post-6579","post","type-post","status-publish","format-standard","hentry","category-batxillerat","category-portada","tag-geografia-i-historia","tag-xerrades"],"post_mailing_queue_ids":[],"_links":{"self":[{"href":"https:\/\/agora.xtec.cat\/instarragona\/wp-json\/wp\/v2\/posts\/6579","targetHints":{"allow":["GET"]}}],"collection":[{"href":"https:\/\/agora.xtec.cat\/instarragona\/wp-json\/wp\/v2\/posts"}],"about":[{"href":"https:\/\/agora.xtec.cat\/instarragona\/wp-json\/wp\/v2\/types\/post"}],"author":[{"embeddable":true,"href":"https:\/\/agora.xtec.cat\/instarragona\/wp-json\/wp\/v2\/users\/1"}],"replies":[{"embeddable":true,"href":"https:\/\/agora.xtec.cat\/instarragona\/wp-json\/wp\/v2\/comments?post=6579"}],"version-history":[{"count":1,"href":"https:\/\/agora.xtec.cat\/instarragona\/wp-json\/wp\/v2\/posts\/6579\/revisions"}],"predecessor-version":[{"id":6581,"href":"https:\/\/agora.xtec.cat\/instarragona\/wp-json\/wp\/v2\/posts\/6579\/revisions\/6581"}],"wp:attachment":[{"href":"https:\/\/agora.xtec.cat\/instarragona\/wp-json\/wp\/v2\/media?parent=6579"}],"wp:term":[{"taxonomy":"category","embeddable":true,"href":"https:\/\/agora.xtec.cat\/instarragona\/wp-json\/wp\/v2\/categories?post=6579"},{"taxonomy":"post_tag","embeddable":true,"href":"https:\/\/agora.xtec.cat\/instarragona\/wp-json\/wp\/v2\/tags?post=6579"}],"curies":[{"name":"wp","href":"https:\/\/api.w.org\/{rel}","templated":true}]}}