{"id":6567,"date":"2025-10-17T12:03:52","date_gmt":"2025-10-17T10:03:52","guid":{"rendered":"https:\/\/agora.xtec.cat\/instarragona\/?p=6567"},"modified":"2025-10-17T12:05:08","modified_gmt":"2025-10-17T10:05:08","slug":"intercanvi-amb-suecia-2","status":"publish","type":"post","link":"https:\/\/agora.xtec.cat\/instarragona\/eso\/eso-3\/intercanvi-amb-suecia-2\/","title":{"rendered":"Intercanvi amb Su\u00e8cia"},"content":{"rendered":"<p dir=\"ltr\">Fa uns dies hem tingut l\u2019estada dels suecs de Partille. Ha estat molt entretinguda. Ens hem ent\u00e8s molt b\u00e9 amb ells i estem impacients per anar a Su\u00e8cia. Ha sigut una experi\u00e8ncia inoblidable. Tenir els suecs a casa ha sigut tot un repte per a nosaltres perqu\u00e8 a vegades hi havia situacions peculiars, per\u00f2 al final tr\u00e8iem un bon tema. Hem apr\u00e8s moltes paraules en suec i ha estat extraordin\u00e0riament divertit. Aquest intercanvi no nom\u00e9s ens ha ajudat a millorar l\u2019idioma, sin\u00f3 que tamb\u00e9 ens ha fet cr\u00e9ixer com a persones i hem gaudit de noves experi\u00e8ncies. Hem tingut molta sort amb el clima. Les excursions que hem fet han resultat molt b\u00e9, sobretot la de la platja, que ha sigut molt excitant, i la de Port Aventura.<br \/>\nCada moment ha estat especial: des de les activitats conjuntes fins als petits detalls del dia a dia. Ens emportem <a href=\"https:\/\/drive.google.com\/drive\/folders\/1Lz6AQVhwL5nf40hhVAQJfeNTvFfdi8D8?usp=drive_link\" target=\"_blank\" rel=\"noopener\"><strong>records<\/strong> <\/a>inoblidables i noves amistats que esperem conservar durant molt de temps.<br \/>\nEstem molt emocionats per tornar-nos a veure!<\/p>\n<table style=\"border-collapse: collapse; width: 100%;\">\n<tbody>\n<tr>\n<td style=\"width: 50%; text-align: center;\"><img loading=\"lazy\" decoding=\"async\" class=\"aligncenter size-full wp-image-6568\" src=\"https:\/\/agora.xtec.cat\/instarragona\/wp-content\/uploads\/usu484\/2025\/10\/3.png\" alt=\"\" width=\"1141\" height=\"661\" srcset=\"https:\/\/agora.xtec.cat\/instarragona\/wp-content\/uploads\/usu484\/2025\/10\/3.png 1141w, https:\/\/agora.xtec.cat\/instarragona\/wp-content\/uploads\/usu484\/2025\/10\/3-300x174.png 300w, https:\/\/agora.xtec.cat\/instarragona\/wp-content\/uploads\/usu484\/2025\/10\/3-1024x593.png 1024w, https:\/\/agora.xtec.cat\/instarragona\/wp-content\/uploads\/usu484\/2025\/10\/3-768x445.png 768w\" sizes=\"auto, (max-width: 1141px) 100vw, 1141px\" \/><\/td>\n<td style=\"width: 50%; text-align: center;\"><img loading=\"lazy\" decoding=\"async\" class=\"aligncenter size-full wp-image-6569\" src=\"https:\/\/agora.xtec.cat\/instarragona\/wp-content\/uploads\/usu484\/2025\/10\/1-1.png\" alt=\"\" width=\"1137\" height=\"660\" srcset=\"https:\/\/agora.xtec.cat\/instarragona\/wp-content\/uploads\/usu484\/2025\/10\/1-1.png 1137w, https:\/\/agora.xtec.cat\/instarragona\/wp-content\/uploads\/usu484\/2025\/10\/1-1-300x174.png 300w, https:\/\/agora.xtec.cat\/instarragona\/wp-content\/uploads\/usu484\/2025\/10\/1-1-1024x594.png 1024w, https:\/\/agora.xtec.cat\/instarragona\/wp-content\/uploads\/usu484\/2025\/10\/1-1-768x446.png 768w\" sizes=\"auto, (max-width: 1137px) 100vw, 1137px\" \/><\/td>\n<\/tr>\n<tr>\n<td style=\"width: 50%; text-align: center;\"><img loading=\"lazy\" decoding=\"async\" class=\"aligncenter size-full wp-image-6570\" src=\"https:\/\/agora.xtec.cat\/instarragona\/wp-content\/uploads\/usu484\/2025\/10\/2-2.png\" alt=\"\" width=\"368\" height=\"492\" srcset=\"https:\/\/agora.xtec.cat\/instarragona\/wp-content\/uploads\/usu484\/2025\/10\/2-2.png 368w, https:\/\/agora.xtec.cat\/instarragona\/wp-content\/uploads\/usu484\/2025\/10\/2-2-224x300.png 224w\" sizes=\"auto, (max-width: 368px) 100vw, 368px\" \/><\/td>\n<td style=\"width: 50%; text-align: center;\"><img loading=\"lazy\" decoding=\"async\" class=\"aligncenter size-full wp-image-6571\" src=\"https:\/\/agora.xtec.cat\/instarragona\/wp-content\/uploads\/usu484\/2025\/10\/4.png\" alt=\"\" width=\"1013\" height=\"648\" srcset=\"https:\/\/agora.xtec.cat\/instarragona\/wp-content\/uploads\/usu484\/2025\/10\/4.png 1013w, https:\/\/agora.xtec.cat\/instarragona\/wp-content\/uploads\/usu484\/2025\/10\/4-300x192.png 300w, https:\/\/agora.xtec.cat\/instarragona\/wp-content\/uploads\/usu484\/2025\/10\/4-768x491.png 768w\" sizes=\"auto, (max-width: 1013px) 100vw, 1013px\" \/><\/td>\n<\/tr>\n<\/tbody>\n<\/table>\n<p>&nbsp;<\/p>\n<p dir=\"ltr\">Alumnat de 3r d\u2019ESO B: Jaume Cid, V\u00edctor Fern\u00e1ndez, \u00c1lex Vico, David Monzon i Ingrid Ribas<\/p>\n","protected":false},"excerpt":{"rendered":"<p>Fa uns dies hem tingut l\u2019estada dels suecs de Partille. Ha estat molt entretinguda. Ens hem ent\u00e8s molt b\u00e9 amb ells i estem impacients per anar a Su\u00e8cia. Ha sigut una experi\u00e8ncia inoblidable. Tenir els suecs a casa ha sigut tot un repte per a&hellip;  <a href=\"https:\/\/agora.xtec.cat\/instarragona\/eso\/eso-3\/intercanvi-amb-suecia-2\/\" title=\"Read Intercanvi amb Su\u00e8cia\">Llegeix m\u00e9s\u00bb<\/a><\/p>\n","protected":false},"author":1,"featured_media":6573,"comment_status":"open","ping_status":"open","sticky":false,"template":"","format":"standard","meta":{"_bbp_topic_count":0,"_bbp_reply_count":0,"_bbp_total_topic_count":0,"_bbp_total_reply_count":0,"_bbp_voice_count":0,"_bbp_anonymous_reply_count":0,"_bbp_topic_count_hidden":0,"_bbp_reply_count_hidden":0,"_bbp_forum_subforum_count":0,"footnotes":""},"categories":[6,29],"tags":[42,105],"class_list":["post-6567","post","type-post","status-publish","format-standard","has-post-thumbnail","hentry","category-eso-3","category-portada","tag-angles","tag-intercanvis"],"post_mailing_queue_ids":[],"_links":{"self":[{"href":"https:\/\/agora.xtec.cat\/instarragona\/wp-json\/wp\/v2\/posts\/6567","targetHints":{"allow":["GET"]}}],"collection":[{"href":"https:\/\/agora.xtec.cat\/instarragona\/wp-json\/wp\/v2\/posts"}],"about":[{"href":"https:\/\/agora.xtec.cat\/instarragona\/wp-json\/wp\/v2\/types\/post"}],"author":[{"embeddable":true,"href":"https:\/\/agora.xtec.cat\/instarragona\/wp-json\/wp\/v2\/users\/1"}],"replies":[{"embeddable":true,"href":"https:\/\/agora.xtec.cat\/instarragona\/wp-json\/wp\/v2\/comments?post=6567"}],"version-history":[{"count":1,"href":"https:\/\/agora.xtec.cat\/instarragona\/wp-json\/wp\/v2\/posts\/6567\/revisions"}],"predecessor-version":[{"id":6572,"href":"https:\/\/agora.xtec.cat\/instarragona\/wp-json\/wp\/v2\/posts\/6567\/revisions\/6572"}],"wp:featuredmedia":[{"embeddable":true,"href":"https:\/\/agora.xtec.cat\/instarragona\/wp-json\/wp\/v2\/media\/6573"}],"wp:attachment":[{"href":"https:\/\/agora.xtec.cat\/instarragona\/wp-json\/wp\/v2\/media?parent=6567"}],"wp:term":[{"taxonomy":"category","embeddable":true,"href":"https:\/\/agora.xtec.cat\/instarragona\/wp-json\/wp\/v2\/categories?post=6567"},{"taxonomy":"post_tag","embeddable":true,"href":"https:\/\/agora.xtec.cat\/instarragona\/wp-json\/wp\/v2\/tags?post=6567"}],"curies":[{"name":"wp","href":"https:\/\/api.w.org\/{rel}","templated":true}]}}