{"id":6563,"date":"2025-10-17T11:50:54","date_gmt":"2025-10-17T09:50:54","guid":{"rendered":"https:\/\/agora.xtec.cat\/instarragona\/?p=6563"},"modified":"2025-10-17T11:50:54","modified_gmt":"2025-10-17T09:50:54","slug":"paisatge-sonor","status":"publish","type":"post","link":"https:\/\/agora.xtec.cat\/instarragona\/eso\/eso-1\/paisatge-sonor\/","title":{"rendered":"Paisatge sonor"},"content":{"rendered":"<p>\ud83c\udfa7 Aquesta setmana, l\u2019alumnat de 1r d\u2019ESO A i B ha participat al taller \u201cCreaci\u00f3 de paisatge sonor\u201d al @CaixaForum! \ud83c\udf3f\ud83c\udfb6<br \/>\nMitjan\u00e7ant el programa inform\u00e0tic Audacity, han apr\u00e8s a compondre hist\u00f2ries a trav\u00e9s dels sons, explorant la seva creativitat i descobrint com el so pot transportar-nos a diferents llocs i emocions.<br \/>\nUna experi\u00e8ncia \u00fanica que combina tecnologia, art i imaginaci\u00f3! \ud83d\udca1\u2728<\/p>\n<p style=\"text-align: center;\"><img loading=\"lazy\" decoding=\"async\" class=\"aligncenter size-full wp-image-6564\" src=\"https:\/\/agora.xtec.cat\/instarragona\/wp-content\/uploads\/usu484\/2025\/10\/Captura-1.png\" alt=\"\" width=\"865\" height=\"595\" srcset=\"https:\/\/agora.xtec.cat\/instarragona\/wp-content\/uploads\/usu484\/2025\/10\/Captura-1.png 865w, https:\/\/agora.xtec.cat\/instarragona\/wp-content\/uploads\/usu484\/2025\/10\/Captura-1-300x206.png 300w, https:\/\/agora.xtec.cat\/instarragona\/wp-content\/uploads\/usu484\/2025\/10\/Captura-1-768x528.png 768w\" sizes=\"auto, (max-width: 865px) 100vw, 865px\" \/><\/p>\n<p style=\"text-align: center;\">Totes les <a href=\"https:\/\/drive.google.com\/drive\/folders\/1n99dBoU7WDThmmzT0p84qEUOYhOMbL3j?usp=sharing\" target=\"_blank\" rel=\"noopener\">imatges<\/a> del taller.<\/p>\n","protected":false},"excerpt":{"rendered":"<p>\ud83c\udfa7 Aquesta setmana, l\u2019alumnat de 1r d\u2019ESO A i B ha participat al taller \u201cCreaci\u00f3 de paisatge sonor\u201d al @CaixaForum! \ud83c\udf3f\ud83c\udfb6<br \/>\nMitjan\u00e7ant el programa inform\u00e0tic Audacity, han apr\u00e8s a compondre hist\u00f2ries a trav\u00e9s dels sons, explorant la seva creativitat i descobrint com el so pot transportar-nos&hellip;  <a href=\"https:\/\/agora.xtec.cat\/instarragona\/eso\/eso-1\/paisatge-sonor\/\" title=\"Read Paisatge sonor\">Llegeix m\u00e9s\u00bb<\/a><\/p>\n","protected":false},"author":1,"featured_media":6565,"comment_status":"open","ping_status":"open","sticky":false,"template":"","format":"standard","meta":{"_bbp_topic_count":0,"_bbp_reply_count":0,"_bbp_total_topic_count":0,"_bbp_total_reply_count":0,"_bbp_voice_count":0,"_bbp_anonymous_reply_count":0,"_bbp_topic_count_hidden":0,"_bbp_reply_count_hidden":0,"_bbp_forum_subforum_count":0,"footnotes":""},"categories":[4,29],"tags":[111],"class_list":["post-6563","post","type-post","status-publish","format-standard","has-post-thumbnail","hentry","category-eso-1","category-portada","tag-musica"],"post_mailing_queue_ids":[],"_links":{"self":[{"href":"https:\/\/agora.xtec.cat\/instarragona\/wp-json\/wp\/v2\/posts\/6563","targetHints":{"allow":["GET"]}}],"collection":[{"href":"https:\/\/agora.xtec.cat\/instarragona\/wp-json\/wp\/v2\/posts"}],"about":[{"href":"https:\/\/agora.xtec.cat\/instarragona\/wp-json\/wp\/v2\/types\/post"}],"author":[{"embeddable":true,"href":"https:\/\/agora.xtec.cat\/instarragona\/wp-json\/wp\/v2\/users\/1"}],"replies":[{"embeddable":true,"href":"https:\/\/agora.xtec.cat\/instarragona\/wp-json\/wp\/v2\/comments?post=6563"}],"version-history":[{"count":1,"href":"https:\/\/agora.xtec.cat\/instarragona\/wp-json\/wp\/v2\/posts\/6563\/revisions"}],"predecessor-version":[{"id":6566,"href":"https:\/\/agora.xtec.cat\/instarragona\/wp-json\/wp\/v2\/posts\/6563\/revisions\/6566"}],"wp:featuredmedia":[{"embeddable":true,"href":"https:\/\/agora.xtec.cat\/instarragona\/wp-json\/wp\/v2\/media\/6565"}],"wp:attachment":[{"href":"https:\/\/agora.xtec.cat\/instarragona\/wp-json\/wp\/v2\/media?parent=6563"}],"wp:term":[{"taxonomy":"category","embeddable":true,"href":"https:\/\/agora.xtec.cat\/instarragona\/wp-json\/wp\/v2\/categories?post=6563"},{"taxonomy":"post_tag","embeddable":true,"href":"https:\/\/agora.xtec.cat\/instarragona\/wp-json\/wp\/v2\/tags?post=6563"}],"curies":[{"name":"wp","href":"https:\/\/api.w.org\/{rel}","templated":true}]}}