{"id":6559,"date":"2025-10-10T19:00:00","date_gmt":"2025-10-10T17:00:00","guid":{"rendered":"https:\/\/agora.xtec.cat\/instarragona\/?p=6559"},"modified":"2025-10-10T20:04:57","modified_gmt":"2025-10-10T18:04:57","slug":"proteina-insectes-i-pipes","status":"publish","type":"post","link":"https:\/\/agora.xtec.cat\/instarragona\/batxillerat\/proteina-insectes-i-pipes\/","title":{"rendered":"Prote\u00efna, insectes i &#8220;pipes&#8221;"},"content":{"rendered":"<p>La Dra. M. Pinent, profesora del Departament de Bioqu\u00edmica i Biotecnologia de la URV va donar una confer\u00e8ncia als alumnes de Biologia de 1r de Batxillerat. Sota el t\u00edtol \u201cLA PROTE\u00cfNA D\u2019INSECTE \u00c9S EL NOSTRE FUTUR? \u201c, es va parlar de quins insectes es poden utilitzar ja actualment a la ind\u00fastria aliment\u00e0ria, de les formen sota les que es comercialitzen i dels avantatges que t\u00e9 l\u2019utilitzaci\u00f3 d\u2019insectes en l\u2019alimentaci\u00f3<\/p>\n<p dir=\"auto\">Alguns insectes aporten un contingut de prote\u00efna gens despreciable, a m\u00e9s d\u2019altres nutrients i de fibra aliment\u00e0ria. Per una altra banda, la introducci\u00f3 de prote\u00efna d\u2019insecte, si ho comparem amb la d\u2019origen porc\u00ed o vac\u00fa, t\u00e9 una petjada ecol\u00f2gica molt menor. Fer cr\u00e9ixer insectes \u00e9s m\u00e9s barat, implica molta menys superf\u00edcie i moltes menys emissions de di\u00f2xid de carboni cap a l\u2019atmosfera si ho comparem amb la ramaderia convencional.<\/p>\n<p dir=\"auto\">Alguns dels alumnes estan realitzant un projecte sobre galetes proteiques i segur que podran aprofitar tot aquests nou coneixement per donar un nou enfoc a la investigaci\u00f3 que duen a terme.<\/p>\n<p dir=\"auto\">Els alumnes van finalitzar la xerrada fent un aperitiu molt original amb gust de pipes!<\/p>\n<p dir=\"auto\" style=\"text-align: center;\"><img loading=\"lazy\" decoding=\"async\" class=\"aligncenter size-full wp-image-6560\" src=\"https:\/\/agora.xtec.cat\/instarragona\/wp-content\/uploads\/usu484\/2025\/10\/1000104557.jpg\" alt=\"\" width=\"1500\" height=\"2000\" srcset=\"https:\/\/agora.xtec.cat\/instarragona\/wp-content\/uploads\/usu484\/2025\/10\/1000104557.jpg 1500w, https:\/\/agora.xtec.cat\/instarragona\/wp-content\/uploads\/usu484\/2025\/10\/1000104557-225x300.jpg 225w, https:\/\/agora.xtec.cat\/instarragona\/wp-content\/uploads\/usu484\/2025\/10\/1000104557-768x1024.jpg 768w, https:\/\/agora.xtec.cat\/instarragona\/wp-content\/uploads\/usu484\/2025\/10\/1000104557-1152x1536.jpg 1152w\" sizes=\"auto, (max-width: 1500px) 100vw, 1500px\" \/><\/p>\n<div dir=\"auto\"><\/div>\n","protected":false},"excerpt":{"rendered":"<p>La Dra. M. Pinent, profesora del Departament de Bioqu\u00edmica i Biotecnologia de la URV va donar una confer\u00e8ncia als alumnes de Biologia de 1r de Batxillerat. Sota el t\u00edtol \u201cLA PROTE\u00cfNA D\u2019INSECTE \u00c9S EL NOSTRE FUTUR? \u201c, es va parlar de quins insectes es poden&hellip;  <a href=\"https:\/\/agora.xtec.cat\/instarragona\/batxillerat\/proteina-insectes-i-pipes\/\" title=\"Read Prote\u00efna, insectes i &#8220;pipes&#8221;\">Llegeix m\u00e9s\u00bb<\/a><\/p>\n","protected":false},"author":1,"featured_media":6560,"comment_status":"open","ping_status":"open","sticky":false,"template":"","format":"standard","meta":{"_bbp_topic_count":0,"_bbp_reply_count":0,"_bbp_total_topic_count":0,"_bbp_total_reply_count":0,"_bbp_voice_count":0,"_bbp_anonymous_reply_count":0,"_bbp_topic_count_hidden":0,"_bbp_reply_count_hidden":0,"_bbp_forum_subforum_count":0,"footnotes":""},"categories":[8,29],"tags":[],"class_list":["post-6559","post","type-post","status-publish","format-standard","has-post-thumbnail","hentry","category-batxillerat","category-portada"],"post_mailing_queue_ids":[],"_links":{"self":[{"href":"https:\/\/agora.xtec.cat\/instarragona\/wp-json\/wp\/v2\/posts\/6559","targetHints":{"allow":["GET"]}}],"collection":[{"href":"https:\/\/agora.xtec.cat\/instarragona\/wp-json\/wp\/v2\/posts"}],"about":[{"href":"https:\/\/agora.xtec.cat\/instarragona\/wp-json\/wp\/v2\/types\/post"}],"author":[{"embeddable":true,"href":"https:\/\/agora.xtec.cat\/instarragona\/wp-json\/wp\/v2\/users\/1"}],"replies":[{"embeddable":true,"href":"https:\/\/agora.xtec.cat\/instarragona\/wp-json\/wp\/v2\/comments?post=6559"}],"version-history":[{"count":2,"href":"https:\/\/agora.xtec.cat\/instarragona\/wp-json\/wp\/v2\/posts\/6559\/revisions"}],"predecessor-version":[{"id":6562,"href":"https:\/\/agora.xtec.cat\/instarragona\/wp-json\/wp\/v2\/posts\/6559\/revisions\/6562"}],"wp:featuredmedia":[{"embeddable":true,"href":"https:\/\/agora.xtec.cat\/instarragona\/wp-json\/wp\/v2\/media\/6560"}],"wp:attachment":[{"href":"https:\/\/agora.xtec.cat\/instarragona\/wp-json\/wp\/v2\/media?parent=6559"}],"wp:term":[{"taxonomy":"category","embeddable":true,"href":"https:\/\/agora.xtec.cat\/instarragona\/wp-json\/wp\/v2\/categories?post=6559"},{"taxonomy":"post_tag","embeddable":true,"href":"https:\/\/agora.xtec.cat\/instarragona\/wp-json\/wp\/v2\/tags?post=6559"}],"curies":[{"name":"wp","href":"https:\/\/api.w.org\/{rel}","templated":true}]}}