{"id":6556,"date":"2025-10-10T18:54:22","date_gmt":"2025-10-10T16:54:22","guid":{"rendered":"https:\/\/agora.xtec.cat\/instarragona\/?p=6556"},"modified":"2025-10-10T18:55:20","modified_gmt":"2025-10-10T16:55:20","slug":"una-situacio-daprenentatge-de-projectes-stem-premiada","status":"publish","type":"post","link":"https:\/\/agora.xtec.cat\/instarragona\/portada\/una-situacio-daprenentatge-de-projectes-stem-premiada\/","title":{"rendered":"Una situaci\u00f3 d&#8217;aprenentatge de Projectes STEM, premiada!"},"content":{"rendered":"<p dir=\"auto\">Les professores del Departament de Ci\u00e8ncies Montse Piqu\u00e9 i Laia Sabat\u00e9, han guanyat el premi a la millor situaci\u00f3 d&#8217;aprenentatge en la categoria ESO, del concurs educatiu de la plataforma AprenOnline!\u00a0Aquesta situaci\u00f3 titulada &#8220;Quin temps fa?&#8221; \u00e9s la que es porta a terme a la mat\u00e8ria de Projectes STEM de 1r d&#8217;ESO.\u00a0Moltes felicitats!<\/p>\n<p dir=\"auto\" style=\"text-align: center;\"><img loading=\"lazy\" decoding=\"async\" class=\"aligncenter size-full wp-image-6557\" src=\"https:\/\/agora.xtec.cat\/instarragona\/wp-content\/uploads\/usu484\/2025\/10\/unnamed.jpg\" alt=\"\" width=\"1180\" height=\"1572\" srcset=\"https:\/\/agora.xtec.cat\/instarragona\/wp-content\/uploads\/usu484\/2025\/10\/unnamed.jpg 1180w, https:\/\/agora.xtec.cat\/instarragona\/wp-content\/uploads\/usu484\/2025\/10\/unnamed-225x300.jpg 225w, https:\/\/agora.xtec.cat\/instarragona\/wp-content\/uploads\/usu484\/2025\/10\/unnamed-769x1024.jpg 769w, https:\/\/agora.xtec.cat\/instarragona\/wp-content\/uploads\/usu484\/2025\/10\/unnamed-768x1023.jpg 768w, https:\/\/agora.xtec.cat\/instarragona\/wp-content\/uploads\/usu484\/2025\/10\/unnamed-1153x1536.jpg 1153w\" sizes=\"auto, (max-width: 1180px) 100vw, 1180px\" \/><\/p>\n<p dir=\"auto\" style=\"text-align: center;\">\n","protected":false},"excerpt":{"rendered":"<p>Les professores del Departament de Ci\u00e8ncies Montse Piqu\u00e9 i Laia Sabat\u00e9, han guanyat el premi a la millor situaci\u00f3 d&#8217;aprenentatge en la categoria ESO, del concurs educatiu de la plataforma AprenOnline!\u00a0Aquesta situaci\u00f3 titulada &#8220;Quin temps fa?&#8221; \u00e9s la que es porta a terme a la&hellip;  <a href=\"https:\/\/agora.xtec.cat\/instarragona\/portada\/una-situacio-daprenentatge-de-projectes-stem-premiada\/\" title=\"Read Una situaci\u00f3 d&#8217;aprenentatge de Projectes STEM, premiada!\">Llegeix m\u00e9s\u00bb<\/a><\/p>\n","protected":false},"author":1,"featured_media":6557,"comment_status":"open","ping_status":"open","sticky":false,"template":"","format":"standard","meta":{"_bbp_topic_count":0,"_bbp_reply_count":0,"_bbp_total_topic_count":0,"_bbp_total_reply_count":0,"_bbp_voice_count":0,"_bbp_anonymous_reply_count":0,"_bbp_topic_count_hidden":0,"_bbp_reply_count_hidden":0,"_bbp_forum_subforum_count":0,"footnotes":""},"categories":[29],"tags":[116,112],"class_list":["post-6556","post","type-post","status-publish","format-standard","has-post-thumbnail","hentry","category-portada","tag-ciencies","tag-premis"],"post_mailing_queue_ids":[],"_links":{"self":[{"href":"https:\/\/agora.xtec.cat\/instarragona\/wp-json\/wp\/v2\/posts\/6556","targetHints":{"allow":["GET"]}}],"collection":[{"href":"https:\/\/agora.xtec.cat\/instarragona\/wp-json\/wp\/v2\/posts"}],"about":[{"href":"https:\/\/agora.xtec.cat\/instarragona\/wp-json\/wp\/v2\/types\/post"}],"author":[{"embeddable":true,"href":"https:\/\/agora.xtec.cat\/instarragona\/wp-json\/wp\/v2\/users\/1"}],"replies":[{"embeddable":true,"href":"https:\/\/agora.xtec.cat\/instarragona\/wp-json\/wp\/v2\/comments?post=6556"}],"version-history":[{"count":1,"href":"https:\/\/agora.xtec.cat\/instarragona\/wp-json\/wp\/v2\/posts\/6556\/revisions"}],"predecessor-version":[{"id":6558,"href":"https:\/\/agora.xtec.cat\/instarragona\/wp-json\/wp\/v2\/posts\/6556\/revisions\/6558"}],"wp:featuredmedia":[{"embeddable":true,"href":"https:\/\/agora.xtec.cat\/instarragona\/wp-json\/wp\/v2\/media\/6557"}],"wp:attachment":[{"href":"https:\/\/agora.xtec.cat\/instarragona\/wp-json\/wp\/v2\/media?parent=6556"}],"wp:term":[{"taxonomy":"category","embeddable":true,"href":"https:\/\/agora.xtec.cat\/instarragona\/wp-json\/wp\/v2\/categories?post=6556"},{"taxonomy":"post_tag","embeddable":true,"href":"https:\/\/agora.xtec.cat\/instarragona\/wp-json\/wp\/v2\/tags?post=6556"}],"curies":[{"name":"wp","href":"https:\/\/api.w.org\/{rel}","templated":true}]}}