{"id":6551,"date":"2025-10-08T12:09:29","date_gmt":"2025-10-08T10:09:29","guid":{"rendered":"https:\/\/agora.xtec.cat\/instarragona\/?p=6551"},"modified":"2025-10-08T12:09:29","modified_gmt":"2025-10-08T10:09:29","slug":"convivencies-a-1r-deso","status":"publish","type":"post","link":"https:\/\/agora.xtec.cat\/instarragona\/eso\/eso-1\/convivencies-a-1r-deso\/","title":{"rendered":"Conviv\u00e8ncies a 1r d&#8217;ESO"},"content":{"rendered":"<p>L&#8217;alumnat de 1r d&#8217;ESO ha gaudit de dos dies \u00fanics! Jocs de grup, din\u00e0miques de cohesi\u00f3 i molts moments per apropar-nos, xerrar i con\u00e8ixer-nos millor tots plegats.<\/p>\n<p>Cala Tamarit ha estat el lloc ideal.\u00a0Moltes <strong><a href=\"https:\/\/drive.google.com\/drive\/folders\/1294xzA1L0HMEG7ExrabWfKU32cTrLPIs?usp=drive_link\" target=\"_blank\" rel=\"noopener\">imatges<\/a><\/strong> aqu\u00ed mateix.<\/p>\n<p style=\"text-align: center;\"><img loading=\"lazy\" decoding=\"async\" class=\"aligncenter size-full wp-image-6553\" src=\"https:\/\/agora.xtec.cat\/instarragona\/wp-content\/uploads\/usu484\/2025\/10\/2.png\" alt=\"\" width=\"510\" height=\"671\" srcset=\"https:\/\/agora.xtec.cat\/instarragona\/wp-content\/uploads\/usu484\/2025\/10\/2.png 510w, https:\/\/agora.xtec.cat\/instarragona\/wp-content\/uploads\/usu484\/2025\/10\/2-228x300.png 228w\" sizes=\"auto, (max-width: 510px) 100vw, 510px\" \/><\/p>\n<p style=\"text-align: center;\"><img loading=\"lazy\" decoding=\"async\" class=\"aligncenter size-full wp-image-6554\" src=\"https:\/\/agora.xtec.cat\/instarragona\/wp-content\/uploads\/usu484\/2025\/10\/1.png\" alt=\"\" width=\"898\" height=\"570\" srcset=\"https:\/\/agora.xtec.cat\/instarragona\/wp-content\/uploads\/usu484\/2025\/10\/1.png 898w, https:\/\/agora.xtec.cat\/instarragona\/wp-content\/uploads\/usu484\/2025\/10\/1-300x190.png 300w, https:\/\/agora.xtec.cat\/instarragona\/wp-content\/uploads\/usu484\/2025\/10\/1-768x487.png 768w\" sizes=\"auto, (max-width: 898px) 100vw, 898px\" \/><\/p>\n","protected":false},"excerpt":{"rendered":"<p>L&#8217;alumnat de 1r d&#8217;ESO ha gaudit de dos dies \u00fanics! Jocs de grup, din\u00e0miques de cohesi\u00f3 i molts moments per apropar-nos, xerrar i con\u00e8ixer-nos millor tots plegats.<br \/>\nCala Tamarit ha estat el lloc ideal.\u00a0Moltes <a href=\"https:\/\/drive.google.com\/drive\/folders\/1294xzA1L0HMEG7ExrabWfKU32cTrLPIs?usp=drive_link\" target=\"_blank\" rel=\"noopener\">imatges<\/a> aqu\u00ed mateix.<\/p>\n","protected":false},"author":1,"featured_media":6552,"comment_status":"open","ping_status":"open","sticky":false,"template":"","format":"standard","meta":{"_bbp_topic_count":0,"_bbp_reply_count":0,"_bbp_total_topic_count":0,"_bbp_total_reply_count":0,"_bbp_voice_count":0,"_bbp_anonymous_reply_count":0,"_bbp_topic_count_hidden":0,"_bbp_reply_count_hidden":0,"_bbp_forum_subforum_count":0,"footnotes":""},"categories":[4,29],"tags":[39],"class_list":["post-6551","post","type-post","status-publish","format-standard","has-post-thumbnail","hentry","category-eso-1","category-portada","tag-sortides"],"post_mailing_queue_ids":[],"_links":{"self":[{"href":"https:\/\/agora.xtec.cat\/instarragona\/wp-json\/wp\/v2\/posts\/6551","targetHints":{"allow":["GET"]}}],"collection":[{"href":"https:\/\/agora.xtec.cat\/instarragona\/wp-json\/wp\/v2\/posts"}],"about":[{"href":"https:\/\/agora.xtec.cat\/instarragona\/wp-json\/wp\/v2\/types\/post"}],"author":[{"embeddable":true,"href":"https:\/\/agora.xtec.cat\/instarragona\/wp-json\/wp\/v2\/users\/1"}],"replies":[{"embeddable":true,"href":"https:\/\/agora.xtec.cat\/instarragona\/wp-json\/wp\/v2\/comments?post=6551"}],"version-history":[{"count":1,"href":"https:\/\/agora.xtec.cat\/instarragona\/wp-json\/wp\/v2\/posts\/6551\/revisions"}],"predecessor-version":[{"id":6555,"href":"https:\/\/agora.xtec.cat\/instarragona\/wp-json\/wp\/v2\/posts\/6551\/revisions\/6555"}],"wp:featuredmedia":[{"embeddable":true,"href":"https:\/\/agora.xtec.cat\/instarragona\/wp-json\/wp\/v2\/media\/6552"}],"wp:attachment":[{"href":"https:\/\/agora.xtec.cat\/instarragona\/wp-json\/wp\/v2\/media?parent=6551"}],"wp:term":[{"taxonomy":"category","embeddable":true,"href":"https:\/\/agora.xtec.cat\/instarragona\/wp-json\/wp\/v2\/categories?post=6551"},{"taxonomy":"post_tag","embeddable":true,"href":"https:\/\/agora.xtec.cat\/instarragona\/wp-json\/wp\/v2\/tags?post=6551"}],"curies":[{"name":"wp","href":"https:\/\/api.w.org\/{rel}","templated":true}]}}