{"id":6540,"date":"2025-09-30T09:49:47","date_gmt":"2025-09-30T07:49:47","guid":{"rendered":"https:\/\/agora.xtec.cat\/instarragona\/?p=6540"},"modified":"2025-09-30T13:06:47","modified_gmt":"2025-09-30T11:06:47","slug":"jardi-digital","status":"publish","type":"post","link":"https:\/\/agora.xtec.cat\/instarragona\/eso\/eso-4\/jardi-digital\/","title":{"rendered":"Jard\u00ed digital"},"content":{"rendered":"<p>Ens van dir que era un Festival d\u2019art, disseny, Intel\u00b7lig\u00e8ncia Artificial, Makers 3D i experi\u00e8ncies immersives. Com no podia valdre la pena aprofitar-ho?<\/p>\n<p>Els nostres alumnes de Digitalitzaci\u00f3 i del GB d&#8217;Administraci\u00f3 vam visitar el Jard\u00ed Digital organitzat al Moll de la Costa durant aquest darrer cap de setmana. Una oportunitat quasi \u00fanica de gaudir a Tarragona d&#8217;experi\u00e8ncies digitals de tota mena.<\/p>\n<p>La intel\u00b7lig\u00e8ncia artificial \u00e9s present i ens est\u00e0 reescrivint. Jon Hern\u00e1ndez ens va explicar com pensen els models m\u00e9s avan\u00e7ats, quines dades els alimenten, com reprodueixen biaixos i per qu\u00e8 les seves decisions ens afecten m\u00e9s del que imaginem.<\/p>\n<p>Amb\u00a0<em>Esperanza<\/em>, el seu bess\u00f3 digital de reciclatge lunar, Mar\u00eda Jes\u00fas Puerta va transformar les dades reals del programa Apol\u00b7lo i algoritmes d\u2019IA en un sistema capa\u00e7 de convertir regolita i residus dels viatges espaials en metalls, pl\u00e0stics, \u201cformig\u00f3 lunar\u201d i combustibles \u00fatils. Descobrir la hist\u00f2ria d&#8217;aquesta enginyera ens va enlluernar. Es veu que, des de casa seva a Tarragona va conquerir la NASA i es va situar com una de les sis guanyadores globals del <em>Lunar Recycle Challenge, <\/em>amb esfor\u00e7 i ganes no hi ha l\u00edmits!<\/p>\n<table style=\"border-collapse: collapse; width: 100%;\">\n<tbody>\n<tr>\n<td style=\"width: 25%; text-align: center;\"><img loading=\"lazy\" decoding=\"async\" class=\"aligncenter wp-image-6544\" src=\"https:\/\/agora.xtec.cat\/instarragona\/wp-content\/uploads\/usu484\/2025\/09\/2.png\" alt=\"\" width=\"238\" height=\"177\" srcset=\"https:\/\/agora.xtec.cat\/instarragona\/wp-content\/uploads\/usu484\/2025\/09\/2.png 883w, https:\/\/agora.xtec.cat\/instarragona\/wp-content\/uploads\/usu484\/2025\/09\/2-300x222.png 300w, https:\/\/agora.xtec.cat\/instarragona\/wp-content\/uploads\/usu484\/2025\/09\/2-768x569.png 768w, https:\/\/agora.xtec.cat\/instarragona\/wp-content\/uploads\/usu484\/2025\/09\/2-200x150.png 200w\" sizes=\"auto, (max-width: 238px) 100vw, 238px\" \/><\/td>\n<td style=\"width: 25%; text-align: center;\"><img loading=\"lazy\" decoding=\"async\" class=\"aligncenter size-full wp-image-6543\" src=\"https:\/\/agora.xtec.cat\/instarragona\/wp-content\/uploads\/usu484\/2025\/09\/Captura-2.png\" alt=\"\" width=\"476\" height=\"603\" srcset=\"https:\/\/agora.xtec.cat\/instarragona\/wp-content\/uploads\/usu484\/2025\/09\/Captura-2.png 476w, https:\/\/agora.xtec.cat\/instarragona\/wp-content\/uploads\/usu484\/2025\/09\/Captura-2-237x300.png 237w\" sizes=\"auto, (max-width: 476px) 100vw, 476px\" \/><\/td>\n<td style=\"width: 25%; text-align: center;\"><img loading=\"lazy\" decoding=\"async\" class=\"aligncenter size-full wp-image-6545\" src=\"https:\/\/agora.xtec.cat\/instarragona\/wp-content\/uploads\/usu484\/2025\/09\/3.png\" alt=\"\" width=\"812\" height=\"638\" srcset=\"https:\/\/agora.xtec.cat\/instarragona\/wp-content\/uploads\/usu484\/2025\/09\/3.png 812w, https:\/\/agora.xtec.cat\/instarragona\/wp-content\/uploads\/usu484\/2025\/09\/3-300x236.png 300w, https:\/\/agora.xtec.cat\/instarragona\/wp-content\/uploads\/usu484\/2025\/09\/3-768x603.png 768w\" sizes=\"auto, (max-width: 812px) 100vw, 812px\" \/><\/td>\n<\/tr>\n<\/tbody>\n<\/table>\n<p>M\u00e9s <a href=\"https:\/\/drive.google.com\/drive\/folders\/1OTwQXmPi31LbT3l74PODOZOg5ATCZRFB?usp=sharing\" target=\"_blank\" rel=\"noopener\">imatges<\/a> i v\u00eddeos d&#8217;alguna de les imatgres d&#8217;art digital.<\/p>\n","protected":false},"excerpt":{"rendered":"<p>Ens van dir que era un Festival d\u2019art, disseny, Intel\u00b7lig\u00e8ncia Artificial, Makers 3D i experi\u00e8ncies immersives. Com no podia valdre la pena aprofitar-ho?<br \/>\nEls nostres alumnes de Digitalitzaci\u00f3 i del GB d&#8217;Administraci\u00f3 vam visitar el Jard\u00ed Digital organitzat al Moll de la Costa durant aquest darrer&hellip;  <a href=\"https:\/\/agora.xtec.cat\/instarragona\/eso\/eso-4\/jardi-digital\/\" title=\"Read Jard\u00ed digital\">Llegeix m\u00e9s\u00bb<\/a><\/p>\n","protected":false},"author":1,"featured_media":6541,"comment_status":"open","ping_status":"open","sticky":false,"template":"","format":"standard","meta":{"_bbp_topic_count":0,"_bbp_reply_count":0,"_bbp_total_topic_count":0,"_bbp_total_reply_count":0,"_bbp_voice_count":0,"_bbp_anonymous_reply_count":0,"_bbp_topic_count_hidden":0,"_bbp_reply_count_hidden":0,"_bbp_forum_subforum_count":0,"footnotes":""},"categories":[7,29],"tags":[157,39,110],"class_list":["post-6540","post","type-post","status-publish","format-standard","has-post-thumbnail","hentry","category-eso-4","category-portada","tag-cfgb","tag-sortides","tag-tecnologia"],"post_mailing_queue_ids":[],"_links":{"self":[{"href":"https:\/\/agora.xtec.cat\/instarragona\/wp-json\/wp\/v2\/posts\/6540","targetHints":{"allow":["GET"]}}],"collection":[{"href":"https:\/\/agora.xtec.cat\/instarragona\/wp-json\/wp\/v2\/posts"}],"about":[{"href":"https:\/\/agora.xtec.cat\/instarragona\/wp-json\/wp\/v2\/types\/post"}],"author":[{"embeddable":true,"href":"https:\/\/agora.xtec.cat\/instarragona\/wp-json\/wp\/v2\/users\/1"}],"replies":[{"embeddable":true,"href":"https:\/\/agora.xtec.cat\/instarragona\/wp-json\/wp\/v2\/comments?post=6540"}],"version-history":[{"count":3,"href":"https:\/\/agora.xtec.cat\/instarragona\/wp-json\/wp\/v2\/posts\/6540\/revisions"}],"predecessor-version":[{"id":6547,"href":"https:\/\/agora.xtec.cat\/instarragona\/wp-json\/wp\/v2\/posts\/6540\/revisions\/6547"}],"wp:featuredmedia":[{"embeddable":true,"href":"https:\/\/agora.xtec.cat\/instarragona\/wp-json\/wp\/v2\/media\/6541"}],"wp:attachment":[{"href":"https:\/\/agora.xtec.cat\/instarragona\/wp-json\/wp\/v2\/media?parent=6540"}],"wp:term":[{"taxonomy":"category","embeddable":true,"href":"https:\/\/agora.xtec.cat\/instarragona\/wp-json\/wp\/v2\/categories?post=6540"},{"taxonomy":"post_tag","embeddable":true,"href":"https:\/\/agora.xtec.cat\/instarragona\/wp-json\/wp\/v2\/tags?post=6540"}],"curies":[{"name":"wp","href":"https:\/\/api.w.org\/{rel}","templated":true}]}}