{"id":6529,"date":"2025-09-19T16:00:16","date_gmt":"2025-09-19T14:00:16","guid":{"rendered":"https:\/\/agora.xtec.cat\/instarragona\/?p=6529"},"modified":"2025-10-08T12:02:59","modified_gmt":"2025-10-08T10:02:59","slug":"taller-de-versots-per-santa-tecla","status":"publish","type":"post","link":"https:\/\/agora.xtec.cat\/instarragona\/eso\/eso-4\/taller-de-versots-per-santa-tecla\/","title":{"rendered":"Taller de versots per Santa Tecla"},"content":{"rendered":"<p>Aquest dijous, 18 de setembre, els alumnes de 4t d\u2019ESO de l\u2019INS Tarragona han apr\u00e8s, de la m\u00e0 de l\u2019Anna (integrant d\u2019un dels grups de balls parlats), com es versifica en aquests grups de tradici\u00f3 ja consolidada i amb una llarga hist\u00f2ria dins les festes de Santa Tecla de la ciutat. A m\u00e9s, els alumnes tamb\u00e9 han tingut l\u2019oportunitat de crear les seves pr\u00f2pies composicions, ja que l\u2019institut participa en la V edici\u00f3 del Taller de versots de Tarragona (els tres alumnes guanyadors llegiran les seves composicions a R\u00e0dio Tarragona).<\/p>\n<p style=\"text-align: center;\"><iframe loading=\"lazy\" title=\"YouTube video player\" src=\"https:\/\/www.youtube.com\/embed\/HQ1oK3RarFw?si=yBC9tfpU3_ACJa2P\" width=\"560\" height=\"315\" frameborder=\"0\" allowfullscreen=\"allowfullscreen\"><\/iframe><\/p>\n<p style=\"text-align: center;\"><img loading=\"lazy\" decoding=\"async\" class=\"aligncenter size-full wp-image-6531\" src=\"https:\/\/agora.xtec.cat\/instarragona\/wp-content\/uploads\/usu484\/2025\/09\/1f199bf1-2aee-4720-b3cf-310288490e0e.jpg\" alt=\"\" width=\"2000\" height=\"1500\" srcset=\"https:\/\/agora.xtec.cat\/instarragona\/wp-content\/uploads\/usu484\/2025\/09\/1f199bf1-2aee-4720-b3cf-310288490e0e.jpg 2000w, https:\/\/agora.xtec.cat\/instarragona\/wp-content\/uploads\/usu484\/2025\/09\/1f199bf1-2aee-4720-b3cf-310288490e0e-300x225.jpg 300w, https:\/\/agora.xtec.cat\/instarragona\/wp-content\/uploads\/usu484\/2025\/09\/1f199bf1-2aee-4720-b3cf-310288490e0e-1024x768.jpg 1024w, https:\/\/agora.xtec.cat\/instarragona\/wp-content\/uploads\/usu484\/2025\/09\/1f199bf1-2aee-4720-b3cf-310288490e0e-768x576.jpg 768w, https:\/\/agora.xtec.cat\/instarragona\/wp-content\/uploads\/usu484\/2025\/09\/1f199bf1-2aee-4720-b3cf-310288490e0e-1536x1152.jpg 1536w, https:\/\/agora.xtec.cat\/instarragona\/wp-content\/uploads\/usu484\/2025\/09\/1f199bf1-2aee-4720-b3cf-310288490e0e-200x150.jpg 200w\" sizes=\"auto, (max-width: 2000px) 100vw, 2000px\" \/><\/p>\n<p style=\"text-align: center;\"><img loading=\"lazy\" decoding=\"async\" class=\"aligncenter size-full wp-image-6549\" src=\"https:\/\/agora.xtec.cat\/instarragona\/wp-content\/uploads\/usu484\/2025\/09\/Captura-3.png\" alt=\"\" width=\"1188\" height=\"620\" srcset=\"https:\/\/agora.xtec.cat\/instarragona\/wp-content\/uploads\/usu484\/2025\/09\/Captura-3.png 1188w, https:\/\/agora.xtec.cat\/instarragona\/wp-content\/uploads\/usu484\/2025\/09\/Captura-3-300x157.png 300w, https:\/\/agora.xtec.cat\/instarragona\/wp-content\/uploads\/usu484\/2025\/09\/Captura-3-1024x534.png 1024w, https:\/\/agora.xtec.cat\/instarragona\/wp-content\/uploads\/usu484\/2025\/09\/Captura-3-768x401.png 768w\" sizes=\"auto, (max-width: 1188px) 100vw, 1188px\" \/><\/p>\n","protected":false},"excerpt":{"rendered":"<p>Aquest dijous, 18 de setembre, els alumnes de 4t d\u2019ESO de l\u2019INS Tarragona han apr\u00e8s, de la m\u00e0 de l\u2019Anna (integrant d\u2019un dels grups de balls parlats), com es versifica en aquests grups de tradici\u00f3 ja consolidada i amb una llarga hist\u00f2ria dins les festes&hellip;  <a href=\"https:\/\/agora.xtec.cat\/instarragona\/eso\/eso-4\/taller-de-versots-per-santa-tecla\/\" title=\"Read Taller de versots per Santa Tecla\">Llegeix m\u00e9s\u00bb<\/a><\/p>\n","protected":false},"author":1,"featured_media":6533,"comment_status":"open","ping_status":"open","sticky":false,"template":"","format":"standard","meta":{"_bbp_topic_count":0,"_bbp_reply_count":0,"_bbp_total_topic_count":0,"_bbp_total_reply_count":0,"_bbp_voice_count":0,"_bbp_anonymous_reply_count":0,"_bbp_topic_count_hidden":0,"_bbp_reply_count_hidden":0,"_bbp_forum_subforum_count":0,"footnotes":""},"categories":[7,29],"tags":[119],"class_list":["post-6529","post","type-post","status-publish","format-standard","has-post-thumbnail","hentry","category-eso-4","category-portada","tag-catala"],"post_mailing_queue_ids":[],"_links":{"self":[{"href":"https:\/\/agora.xtec.cat\/instarragona\/wp-json\/wp\/v2\/posts\/6529","targetHints":{"allow":["GET"]}}],"collection":[{"href":"https:\/\/agora.xtec.cat\/instarragona\/wp-json\/wp\/v2\/posts"}],"about":[{"href":"https:\/\/agora.xtec.cat\/instarragona\/wp-json\/wp\/v2\/types\/post"}],"author":[{"embeddable":true,"href":"https:\/\/agora.xtec.cat\/instarragona\/wp-json\/wp\/v2\/users\/1"}],"replies":[{"embeddable":true,"href":"https:\/\/agora.xtec.cat\/instarragona\/wp-json\/wp\/v2\/comments?post=6529"}],"version-history":[{"count":3,"href":"https:\/\/agora.xtec.cat\/instarragona\/wp-json\/wp\/v2\/posts\/6529\/revisions"}],"predecessor-version":[{"id":6550,"href":"https:\/\/agora.xtec.cat\/instarragona\/wp-json\/wp\/v2\/posts\/6529\/revisions\/6550"}],"wp:featuredmedia":[{"embeddable":true,"href":"https:\/\/agora.xtec.cat\/instarragona\/wp-json\/wp\/v2\/media\/6533"}],"wp:attachment":[{"href":"https:\/\/agora.xtec.cat\/instarragona\/wp-json\/wp\/v2\/media?parent=6529"}],"wp:term":[{"taxonomy":"category","embeddable":true,"href":"https:\/\/agora.xtec.cat\/instarragona\/wp-json\/wp\/v2\/categories?post=6529"},{"taxonomy":"post_tag","embeddable":true,"href":"https:\/\/agora.xtec.cat\/instarragona\/wp-json\/wp\/v2\/tags?post=6529"}],"curies":[{"name":"wp","href":"https:\/\/api.w.org\/{rel}","templated":true}]}}