{"id":652,"date":"2018-11-14T12:28:52","date_gmt":"2018-11-14T11:28:52","guid":{"rendered":"http:\/\/agora.xtec.cat\/instarragona\/?p=652"},"modified":"2018-11-15T09:15:02","modified_gmt":"2018-11-15T08:15:02","slug":"els-preparatius-ja-estan-fets","status":"publish","type":"post","link":"https:\/\/agora.xtec.cat\/instarragona\/portada\/els-preparatius-ja-estan-fets\/","title":{"rendered":"Els preparatius ja estan a punt!"},"content":{"rendered":"<p><a href=\"https:\/\/agora.xtec.cat\/instarragona\/wp-content\/uploads\/usu484\/2018\/11\/IMG_20181113_103550-1.jpg\"><img loading=\"lazy\" decoding=\"async\" class=\"aligncenter wp-image-654 size-large\" src=\"https:\/\/agora.xtec.cat\/instarragona\/wp-content\/uploads\/usu484\/2018\/11\/IMG_20181113_103550-1-1024x308.jpg\" alt=\"\" width=\"1024\" height=\"308\" srcset=\"https:\/\/agora.xtec.cat\/instarragona\/wp-content\/uploads\/usu484\/2018\/11\/IMG_20181113_103550-1-1024x308.jpg 1024w, https:\/\/agora.xtec.cat\/instarragona\/wp-content\/uploads\/usu484\/2018\/11\/IMG_20181113_103550-1-300x90.jpg 300w, https:\/\/agora.xtec.cat\/instarragona\/wp-content\/uploads\/usu484\/2018\/11\/IMG_20181113_103550-1-768x231.jpg 768w\" sizes=\"auto, (max-width: 1024px) 100vw, 1024px\" \/><\/a><\/p>\n<p>Dem\u00e0 tenim una de les activitats centrals de la setmana de la ci\u00e8ncia. El material est\u00e0 del tot organitzat i a punt pel sarau.<\/p>\n<div style=\"width: 460px;\" class=\"wp-video\"><!--[if lt IE 9]><script>document.createElement('video');<\/script><![endif]-->\n<video class=\"wp-video-shortcode\" id=\"video-652-1\" width=\"460\" height=\"310\" autoplay=\"1\" preload=\"auto\" controls=\"controls\"><source type=\"video\/mp4\" src=\"https:\/\/agora.xtec.cat\/instarragona\/wp-content\/uploads\/usu484\/2018\/11\/VID_20181114_WA0018.mp4?_=1\" \/><a href=\"https:\/\/agora.xtec.cat\/instarragona\/wp-content\/uploads\/usu484\/2018\/11\/VID_20181114_WA0018.mp4\">https:\/\/agora.xtec.cat\/instarragona\/wp-content\/uploads\/usu484\/2018\/11\/VID_20181114_WA0018.mp4<\/a><\/video><\/div>\n<p>El professorat ha anat de b\u00f2lit, per\u00f2 de ben segur que ser\u00e0 tot un \u00e8xit!<\/p>\n","protected":false},"excerpt":{"rendered":"<p><a href=\"https:\/\/agora.xtec.cat\/instarragona\/wp-content\/uploads\/usu484\/2018\/11\/IMG_20181113_103550-1.jpg\"><\/a><br \/>\nDem\u00e0 tenim una de les activitats centrals de la setmana de la ci\u00e8ncia. El material est\u00e0 del tot organitzat i a punt pel sarau.<br \/>\n<a href=\"https:\/\/agora.xtec.cat\/instarragona\/wp-content\/uploads\/usu484\/2018\/11\/VID_20181114_WA0018.mp4\">https:\/\/agora.xtec.cat\/instarragona\/wp-content\/uploads\/usu484\/2018\/11\/VID_20181114_WA0018.mp4<\/a><br \/>\nEl professorat ha anat de b\u00f2lit, per\u00f2 de ben segur que ser\u00e0 tot un \u00e8xit!<\/p>\n","protected":false},"author":1,"featured_media":654,"comment_status":"open","ping_status":"closed","sticky":false,"template":"","format":"standard","meta":{"_bbp_topic_count":0,"_bbp_reply_count":0,"_bbp_total_topic_count":0,"_bbp_total_reply_count":0,"_bbp_voice_count":0,"_bbp_anonymous_reply_count":0,"_bbp_topic_count_hidden":0,"_bbp_reply_count_hidden":0,"_bbp_forum_subforum_count":0,"footnotes":""},"categories":[29],"tags":[97,99],"class_list":["post-652","post","type-post","status-publish","format-standard","has-post-thumbnail","hentry","category-portada","tag-festes-i-activitats","tag-projectes"],"post_mailing_queue_ids":[],"_links":{"self":[{"href":"https:\/\/agora.xtec.cat\/instarragona\/wp-json\/wp\/v2\/posts\/652","targetHints":{"allow":["GET"]}}],"collection":[{"href":"https:\/\/agora.xtec.cat\/instarragona\/wp-json\/wp\/v2\/posts"}],"about":[{"href":"https:\/\/agora.xtec.cat\/instarragona\/wp-json\/wp\/v2\/types\/post"}],"author":[{"embeddable":true,"href":"https:\/\/agora.xtec.cat\/instarragona\/wp-json\/wp\/v2\/users\/1"}],"replies":[{"embeddable":true,"href":"https:\/\/agora.xtec.cat\/instarragona\/wp-json\/wp\/v2\/comments?post=652"}],"version-history":[{"count":4,"href":"https:\/\/agora.xtec.cat\/instarragona\/wp-json\/wp\/v2\/posts\/652\/revisions"}],"predecessor-version":[{"id":668,"href":"https:\/\/agora.xtec.cat\/instarragona\/wp-json\/wp\/v2\/posts\/652\/revisions\/668"}],"wp:featuredmedia":[{"embeddable":true,"href":"https:\/\/agora.xtec.cat\/instarragona\/wp-json\/wp\/v2\/media\/654"}],"wp:attachment":[{"href":"https:\/\/agora.xtec.cat\/instarragona\/wp-json\/wp\/v2\/media?parent=652"}],"wp:term":[{"taxonomy":"category","embeddable":true,"href":"https:\/\/agora.xtec.cat\/instarragona\/wp-json\/wp\/v2\/categories?post=652"},{"taxonomy":"post_tag","embeddable":true,"href":"https:\/\/agora.xtec.cat\/instarragona\/wp-json\/wp\/v2\/tags?post=652"}],"curies":[{"name":"wp","href":"https:\/\/api.w.org\/{rel}","templated":true}]}}