{"id":6486,"date":"2025-07-03T12:26:55","date_gmt":"2025-07-03T10:26:55","guid":{"rendered":"https:\/\/agora.xtec.cat\/instarragona\/?p=6486"},"modified":"2025-07-03T12:27:21","modified_gmt":"2025-07-03T10:27:21","slug":"viatge-fi-de-curs-a-madrid","status":"publish","type":"post","link":"https:\/\/agora.xtec.cat\/instarragona\/eso\/eso-4\/viatge-fi-de-curs-a-madrid\/","title":{"rendered":"Viatge fi de curs de 4t de l&#8217;ESO a Madrid"},"content":{"rendered":"<p>Durant l\u2019\u00faltima setmana de curs, els alumnes de 4t d\u2019ESO han realitzat el viatge de final d\u2019etapa a Madrid, una experi\u00e8ncia molt esperada i plena d\u2019activitats culturals, l\u00fadiques i de conviv\u00e8ncia. Al llarg de diversos dies, han pogut descobrir els principals atractius de la capital, tot combinant diversi\u00f3 amb aprenentatge. Aqu\u00ed teniu les <a href=\"https:\/\/drive.google.com\/drive\/folders\/1g1XvyyVLvvMdjpOzONX0ICA7la6JAsMk?usp=drive_link\" target=\"_blank\" rel=\"noopener\">imatges<\/a> recollides.<\/p>\n<p>El programa ha incl\u00f2s un\u00a0<i>tour<\/i>\u00a0guiat pels punts m\u00e9s emblem\u00e0tics de la ciutat i algunes visites culturals enriquidores, com la del Museu del Prado, el Museu de les Il\u00b7lusions i el Congr\u00e9s dels Diputats, on han pogut accedir i con\u00e8ixer de primera m\u00e0 el funcionament d\u2019aquesta instituci\u00f3. Tamb\u00e9 han passejat pel Parc del Retiro i han compartit estones de lleure en un entorn natural i relaxat.<\/p>\n<p>Un dels moments m\u00e9s esperats del viatge va ser l&#8217;estada al parc d\u2019atraccions Warner, en el qual\u00a0l\u2019alumnat va gaudir d\u2019un ambient festiu i d\u2019una jornada plena d\u2019adrenalina i diversi\u00f3. Ha estat, en definitiva, una experi\u00e8ncia inoblidable que ha servit per tancar una etapa important i refor\u00e7ar els vincles entre companys i companyes abans de comen\u00e7ar nous camins.<\/p>\n<p style=\"text-align: center;\"><img loading=\"lazy\" decoding=\"async\" class=\"aligncenter size-full wp-image-6490\" src=\"https:\/\/agora.xtec.cat\/instarragona\/wp-content\/uploads\/usu484\/2025\/07\/4.png\" alt=\"\" width=\"918\" height=\"678\" srcset=\"https:\/\/agora.xtec.cat\/instarragona\/wp-content\/uploads\/usu484\/2025\/07\/4.png 918w, https:\/\/agora.xtec.cat\/instarragona\/wp-content\/uploads\/usu484\/2025\/07\/4-300x222.png 300w, https:\/\/agora.xtec.cat\/instarragona\/wp-content\/uploads\/usu484\/2025\/07\/4-768x567.png 768w\" sizes=\"auto, (max-width: 918px) 100vw, 918px\" \/><\/p>\n<p style=\"text-align: center;\"><img loading=\"lazy\" decoding=\"async\" class=\"aligncenter size-full wp-image-6489\" src=\"https:\/\/agora.xtec.cat\/instarragona\/wp-content\/uploads\/usu484\/2025\/07\/3.png\" alt=\"\" width=\"912\" height=\"490\" srcset=\"https:\/\/agora.xtec.cat\/instarragona\/wp-content\/uploads\/usu484\/2025\/07\/3.png 912w, https:\/\/agora.xtec.cat\/instarragona\/wp-content\/uploads\/usu484\/2025\/07\/3-300x161.png 300w, https:\/\/agora.xtec.cat\/instarragona\/wp-content\/uploads\/usu484\/2025\/07\/3-768x413.png 768w\" sizes=\"auto, (max-width: 912px) 100vw, 912px\" \/><\/p>\n<p style=\"text-align: center;\"><img loading=\"lazy\" decoding=\"async\" class=\"aligncenter size-full wp-image-6488\" src=\"https:\/\/agora.xtec.cat\/instarragona\/wp-content\/uploads\/usu484\/2025\/07\/2.png\" alt=\"\" width=\"919\" height=\"671\" srcset=\"https:\/\/agora.xtec.cat\/instarragona\/wp-content\/uploads\/usu484\/2025\/07\/2.png 919w, https:\/\/agora.xtec.cat\/instarragona\/wp-content\/uploads\/usu484\/2025\/07\/2-300x219.png 300w, https:\/\/agora.xtec.cat\/instarragona\/wp-content\/uploads\/usu484\/2025\/07\/2-768x561.png 768w\" sizes=\"auto, (max-width: 919px) 100vw, 919px\" \/><\/p>\n<p style=\"text-align: center;\"><img loading=\"lazy\" decoding=\"async\" class=\"aligncenter size-full wp-image-6487\" src=\"https:\/\/agora.xtec.cat\/instarragona\/wp-content\/uploads\/usu484\/2025\/07\/Captura.png\" alt=\"\" width=\"938\" height=\"667\" srcset=\"https:\/\/agora.xtec.cat\/instarragona\/wp-content\/uploads\/usu484\/2025\/07\/Captura.png 938w, https:\/\/agora.xtec.cat\/instarragona\/wp-content\/uploads\/usu484\/2025\/07\/Captura-300x213.png 300w, https:\/\/agora.xtec.cat\/instarragona\/wp-content\/uploads\/usu484\/2025\/07\/Captura-768x546.png 768w\" sizes=\"auto, (max-width: 938px) 100vw, 938px\" \/><\/p>\n","protected":false},"excerpt":{"rendered":"<p>Durant l\u2019\u00faltima setmana de curs, els alumnes de 4t d\u2019ESO han realitzat el viatge de final d\u2019etapa a Madrid, una experi\u00e8ncia molt esperada i plena d\u2019activitats culturals, l\u00fadiques i de conviv\u00e8ncia. Al llarg de diversos dies, han pogut descobrir els principals atractius de la capital,&hellip;  <a href=\"https:\/\/agora.xtec.cat\/instarragona\/eso\/eso-4\/viatge-fi-de-curs-a-madrid\/\" title=\"Read Viatge fi de curs de 4t de l&#8217;ESO a Madrid\">Llegeix m\u00e9s\u00bb<\/a><\/p>\n","protected":false},"author":1,"featured_media":6487,"comment_status":"open","ping_status":"open","sticky":false,"template":"","format":"standard","meta":{"_bbp_topic_count":0,"_bbp_reply_count":0,"_bbp_total_topic_count":0,"_bbp_total_reply_count":0,"_bbp_voice_count":0,"_bbp_anonymous_reply_count":0,"_bbp_topic_count_hidden":0,"_bbp_reply_count_hidden":0,"_bbp_forum_subforum_count":0,"footnotes":""},"categories":[7,29],"tags":[39],"class_list":["post-6486","post","type-post","status-publish","format-standard","has-post-thumbnail","hentry","category-eso-4","category-portada","tag-sortides"],"post_mailing_queue_ids":[],"_links":{"self":[{"href":"https:\/\/agora.xtec.cat\/instarragona\/wp-json\/wp\/v2\/posts\/6486","targetHints":{"allow":["GET"]}}],"collection":[{"href":"https:\/\/agora.xtec.cat\/instarragona\/wp-json\/wp\/v2\/posts"}],"about":[{"href":"https:\/\/agora.xtec.cat\/instarragona\/wp-json\/wp\/v2\/types\/post"}],"author":[{"embeddable":true,"href":"https:\/\/agora.xtec.cat\/instarragona\/wp-json\/wp\/v2\/users\/1"}],"replies":[{"embeddable":true,"href":"https:\/\/agora.xtec.cat\/instarragona\/wp-json\/wp\/v2\/comments?post=6486"}],"version-history":[{"count":2,"href":"https:\/\/agora.xtec.cat\/instarragona\/wp-json\/wp\/v2\/posts\/6486\/revisions"}],"predecessor-version":[{"id":6492,"href":"https:\/\/agora.xtec.cat\/instarragona\/wp-json\/wp\/v2\/posts\/6486\/revisions\/6492"}],"wp:featuredmedia":[{"embeddable":true,"href":"https:\/\/agora.xtec.cat\/instarragona\/wp-json\/wp\/v2\/media\/6487"}],"wp:attachment":[{"href":"https:\/\/agora.xtec.cat\/instarragona\/wp-json\/wp\/v2\/media?parent=6486"}],"wp:term":[{"taxonomy":"category","embeddable":true,"href":"https:\/\/agora.xtec.cat\/instarragona\/wp-json\/wp\/v2\/categories?post=6486"},{"taxonomy":"post_tag","embeddable":true,"href":"https:\/\/agora.xtec.cat\/instarragona\/wp-json\/wp\/v2\/tags?post=6486"}],"curies":[{"name":"wp","href":"https:\/\/api.w.org\/{rel}","templated":true}]}}