{"id":6389,"date":"2025-06-13T10:53:19","date_gmt":"2025-06-13T08:53:19","guid":{"rendered":"https:\/\/agora.xtec.cat\/instarragona\/?p=6389"},"modified":"2025-06-13T10:53:19","modified_gmt":"2025-06-13T08:53:19","slug":"dia-mundial-del-medi-ambient","status":"publish","type":"post","link":"https:\/\/agora.xtec.cat\/instarragona\/general\/dia-mundial-del-medi-ambient\/","title":{"rendered":"Dia Mundial del Medi Ambient"},"content":{"rendered":"<p><img loading=\"lazy\" decoding=\"async\" class=\"an1\" draggable=\"false\" src=\"https:\/\/fonts.gstatic.com\/s\/e\/notoemoji\/16.0\/1f30d\/72.png\" alt=\"\ud83c\udf0d\" width=\"24\" height=\"24\" data-emoji=\"\ud83c\udf0d\" aria-label=\"\ud83c\udf0d\" \/><img loading=\"lazy\" decoding=\"async\" class=\"an1\" draggable=\"false\" src=\"https:\/\/fonts.gstatic.com\/s\/e\/notoemoji\/16.0\/2728\/72.png\" alt=\"\u2728\" width=\"22\" height=\"22\" data-emoji=\"\u2728\" aria-label=\"\u2728\" \/> Al nostre institut hem celebrat el Dia Mundial del Medi Ambient amb una activitat plena de significat i comprom\u00eds!\u00a0L\u2019alumnat de 1r d\u2019ESO ha participat llegint un manifest per conscienciar sobre la import\u00e0ncia de cuidar el nostre planeta, ha recitat uns clams amb acompanyament musical i hem interpretat conjuntament la can\u00e7\u00f3 \u201cNo ens desdibuixeu\u201d.\u00a0Una jornada emotiva i reivindicativa que ens recorda que el futur del planeta tamb\u00e9 \u00e9s responsabilitat nostra.\u00a0<img loading=\"lazy\" decoding=\"async\" class=\"an1\" draggable=\"false\" src=\"https:\/\/fonts.gstatic.com\/s\/e\/notoemoji\/16.0\/1f49a\/72.png\" alt=\"\ud83d\udc9a\" width=\"23\" height=\"23\" data-emoji=\"\ud83d\udc9a\" aria-label=\"\ud83d\udc9a\" \/><img loading=\"lazy\" decoding=\"async\" class=\"an1\" draggable=\"false\" src=\"https:\/\/fonts.gstatic.com\/s\/e\/notoemoji\/16.0\/1f331\/72.png\" alt=\"\ud83c\udf31\" width=\"20\" height=\"20\" data-emoji=\"\ud83c\udf31\" aria-label=\"\ud83c\udf31\" \/><\/p>\n<p style=\"text-align: center;\"><a href=\"https:\/\/drive.google.com\/file\/d\/1oY136Wi2GG_OsTCQXHF_c2Z7UKylcA39\/view?usp=sharing\" target=\"_blank\" rel=\"noopener\"><strong>Can\u00e7\u00f3<\/strong><\/a><\/p>\n<table style=\"border-collapse: collapse; width: 100%;\">\n<tbody>\n<tr>\n<td style=\"width: 50%; text-align: center;\"><img loading=\"lazy\" decoding=\"async\" class=\"aligncenter size-full wp-image-6390\" src=\"https:\/\/agora.xtec.cat\/instarragona\/wp-content\/uploads\/usu484\/2025\/06\/1749637354488.jpg\" alt=\"\" width=\"1600\" height=\"1200\" srcset=\"https:\/\/agora.xtec.cat\/instarragona\/wp-content\/uploads\/usu484\/2025\/06\/1749637354488.jpg 1600w, https:\/\/agora.xtec.cat\/instarragona\/wp-content\/uploads\/usu484\/2025\/06\/1749637354488-300x225.jpg 300w, https:\/\/agora.xtec.cat\/instarragona\/wp-content\/uploads\/usu484\/2025\/06\/1749637354488-1024x768.jpg 1024w, https:\/\/agora.xtec.cat\/instarragona\/wp-content\/uploads\/usu484\/2025\/06\/1749637354488-768x576.jpg 768w, https:\/\/agora.xtec.cat\/instarragona\/wp-content\/uploads\/usu484\/2025\/06\/1749637354488-1536x1152.jpg 1536w, https:\/\/agora.xtec.cat\/instarragona\/wp-content\/uploads\/usu484\/2025\/06\/1749637354488-200x150.jpg 200w\" sizes=\"auto, (max-width: 1600px) 100vw, 1600px\" \/><\/td>\n<td style=\"width: 50%; text-align: center;\"><img loading=\"lazy\" decoding=\"async\" class=\"aligncenter size-full wp-image-6391\" src=\"https:\/\/agora.xtec.cat\/instarragona\/wp-content\/uploads\/usu484\/2025\/06\/1749637354495.jpg\" alt=\"\" width=\"1600\" height=\"1200\" srcset=\"https:\/\/agora.xtec.cat\/instarragona\/wp-content\/uploads\/usu484\/2025\/06\/1749637354495.jpg 1600w, https:\/\/agora.xtec.cat\/instarragona\/wp-content\/uploads\/usu484\/2025\/06\/1749637354495-300x225.jpg 300w, https:\/\/agora.xtec.cat\/instarragona\/wp-content\/uploads\/usu484\/2025\/06\/1749637354495-1024x768.jpg 1024w, https:\/\/agora.xtec.cat\/instarragona\/wp-content\/uploads\/usu484\/2025\/06\/1749637354495-768x576.jpg 768w, https:\/\/agora.xtec.cat\/instarragona\/wp-content\/uploads\/usu484\/2025\/06\/1749637354495-1536x1152.jpg 1536w, https:\/\/agora.xtec.cat\/instarragona\/wp-content\/uploads\/usu484\/2025\/06\/1749637354495-200x150.jpg 200w\" sizes=\"auto, (max-width: 1600px) 100vw, 1600px\" \/><\/td>\n<\/tr>\n<tr>\n<td style=\"width: 50%; text-align: center;\"><img loading=\"lazy\" decoding=\"async\" class=\"aligncenter size-full wp-image-6392\" src=\"https:\/\/agora.xtec.cat\/instarragona\/wp-content\/uploads\/usu484\/2025\/06\/1749637354503.jpg\" alt=\"\" width=\"1600\" height=\"1200\" srcset=\"https:\/\/agora.xtec.cat\/instarragona\/wp-content\/uploads\/usu484\/2025\/06\/1749637354503.jpg 1600w, https:\/\/agora.xtec.cat\/instarragona\/wp-content\/uploads\/usu484\/2025\/06\/1749637354503-300x225.jpg 300w, https:\/\/agora.xtec.cat\/instarragona\/wp-content\/uploads\/usu484\/2025\/06\/1749637354503-1024x768.jpg 1024w, https:\/\/agora.xtec.cat\/instarragona\/wp-content\/uploads\/usu484\/2025\/06\/1749637354503-768x576.jpg 768w, https:\/\/agora.xtec.cat\/instarragona\/wp-content\/uploads\/usu484\/2025\/06\/1749637354503-1536x1152.jpg 1536w, https:\/\/agora.xtec.cat\/instarragona\/wp-content\/uploads\/usu484\/2025\/06\/1749637354503-200x150.jpg 200w\" sizes=\"auto, (max-width: 1600px) 100vw, 1600px\" \/><\/td>\n<td style=\"width: 50%; text-align: center;\"><img loading=\"lazy\" decoding=\"async\" class=\"aligncenter size-full wp-image-6393\" src=\"https:\/\/agora.xtec.cat\/instarragona\/wp-content\/uploads\/usu484\/2025\/06\/1749637354511.jpg\" alt=\"\" width=\"1600\" height=\"1200\" srcset=\"https:\/\/agora.xtec.cat\/instarragona\/wp-content\/uploads\/usu484\/2025\/06\/1749637354511.jpg 1600w, https:\/\/agora.xtec.cat\/instarragona\/wp-content\/uploads\/usu484\/2025\/06\/1749637354511-300x225.jpg 300w, https:\/\/agora.xtec.cat\/instarragona\/wp-content\/uploads\/usu484\/2025\/06\/1749637354511-1024x768.jpg 1024w, https:\/\/agora.xtec.cat\/instarragona\/wp-content\/uploads\/usu484\/2025\/06\/1749637354511-768x576.jpg 768w, https:\/\/agora.xtec.cat\/instarragona\/wp-content\/uploads\/usu484\/2025\/06\/1749637354511-1536x1152.jpg 1536w, https:\/\/agora.xtec.cat\/instarragona\/wp-content\/uploads\/usu484\/2025\/06\/1749637354511-200x150.jpg 200w\" sizes=\"auto, (max-width: 1600px) 100vw, 1600px\" \/><\/td>\n<\/tr>\n<\/tbody>\n<\/table>\n","protected":false},"excerpt":{"rendered":"<p> Al nostre institut hem celebrat el Dia Mundial del Medi Ambient amb una activitat plena de significat i comprom\u00eds!\u00a0L\u2019alumnat de 1r d\u2019ESO ha participat llegint un manifest per conscienciar sobre la import\u00e0ncia de cuidar el nostre planeta, ha recitat uns clams amb acompanyament musical&hellip;  <a href=\"https:\/\/agora.xtec.cat\/instarragona\/general\/dia-mundial-del-medi-ambient\/\" title=\"Read Dia Mundial del Medi Ambient\">Llegeix m\u00e9s\u00bb<\/a><\/p>\n","protected":false},"author":1,"featured_media":6390,"comment_status":"open","ping_status":"open","sticky":false,"template":"","format":"standard","meta":{"_bbp_topic_count":0,"_bbp_reply_count":0,"_bbp_total_topic_count":0,"_bbp_total_reply_count":0,"_bbp_voice_count":0,"_bbp_anonymous_reply_count":0,"_bbp_topic_count_hidden":0,"_bbp_reply_count_hidden":0,"_bbp_forum_subforum_count":0,"footnotes":""},"categories":[1],"tags":[],"class_list":["post-6389","post","type-post","status-publish","format-standard","has-post-thumbnail","hentry","category-general"],"post_mailing_queue_ids":[],"_links":{"self":[{"href":"https:\/\/agora.xtec.cat\/instarragona\/wp-json\/wp\/v2\/posts\/6389","targetHints":{"allow":["GET"]}}],"collection":[{"href":"https:\/\/agora.xtec.cat\/instarragona\/wp-json\/wp\/v2\/posts"}],"about":[{"href":"https:\/\/agora.xtec.cat\/instarragona\/wp-json\/wp\/v2\/types\/post"}],"author":[{"embeddable":true,"href":"https:\/\/agora.xtec.cat\/instarragona\/wp-json\/wp\/v2\/users\/1"}],"replies":[{"embeddable":true,"href":"https:\/\/agora.xtec.cat\/instarragona\/wp-json\/wp\/v2\/comments?post=6389"}],"version-history":[{"count":2,"href":"https:\/\/agora.xtec.cat\/instarragona\/wp-json\/wp\/v2\/posts\/6389\/revisions"}],"predecessor-version":[{"id":6396,"href":"https:\/\/agora.xtec.cat\/instarragona\/wp-json\/wp\/v2\/posts\/6389\/revisions\/6396"}],"wp:featuredmedia":[{"embeddable":true,"href":"https:\/\/agora.xtec.cat\/instarragona\/wp-json\/wp\/v2\/media\/6390"}],"wp:attachment":[{"href":"https:\/\/agora.xtec.cat\/instarragona\/wp-json\/wp\/v2\/media?parent=6389"}],"wp:term":[{"taxonomy":"category","embeddable":true,"href":"https:\/\/agora.xtec.cat\/instarragona\/wp-json\/wp\/v2\/categories?post=6389"},{"taxonomy":"post_tag","embeddable":true,"href":"https:\/\/agora.xtec.cat\/instarragona\/wp-json\/wp\/v2\/tags?post=6389"}],"curies":[{"name":"wp","href":"https:\/\/api.w.org\/{rel}","templated":true}]}}