{"id":6378,"date":"2025-06-10T17:00:54","date_gmt":"2025-06-10T15:00:54","guid":{"rendered":"https:\/\/agora.xtec.cat\/instarragona\/?p=6378"},"modified":"2025-06-10T17:01:12","modified_gmt":"2025-06-10T15:01:12","slug":"visitem-el-kesse-amb-laa","status":"publish","type":"post","link":"https:\/\/agora.xtec.cat\/instarragona\/general\/visitem-el-kesse-amb-laa\/","title":{"rendered":"Visitem el Kesse amb l&#8217;AA"},"content":{"rendered":"<p>Avui les dues aules d&#8217;acollida de l&#8217;Institut Tarragona hem visitat l&#8217;Espai Jove Kesse de Tarragona on ens han obert un m\u00f3n de possibilitats i recursos per formar-nos, gaudir, cr\u00e9ixer i aprendre en els diferents equipaments juvenils de la ciutat durant l&#8217;estiu i tamb\u00e9 durant el curs.<br \/>\nGr\u00e0cies T<span class=\"\">arragona Jove<\/span>!<\/p>\n<p style=\"text-align: center;\"><img loading=\"lazy\" decoding=\"async\" class=\"aligncenter size-full wp-image-6379\" src=\"https:\/\/agora.xtec.cat\/instarragona\/wp-content\/uploads\/usu484\/2025\/06\/2.png\" alt=\"\" width=\"803\" height=\"539\" srcset=\"https:\/\/agora.xtec.cat\/instarragona\/wp-content\/uploads\/usu484\/2025\/06\/2.png 803w, https:\/\/agora.xtec.cat\/instarragona\/wp-content\/uploads\/usu484\/2025\/06\/2-300x201.png 300w, https:\/\/agora.xtec.cat\/instarragona\/wp-content\/uploads\/usu484\/2025\/06\/2-768x516.png 768w\" sizes=\"auto, (max-width: 803px) 100vw, 803px\" \/><\/p>\n","protected":false},"excerpt":{"rendered":"<p>Avui les dues aules d&#8217;acollida de l&#8217;Institut Tarragona hem visitat l&#8217;Espai Jove Kesse de Tarragona on ens han obert un m\u00f3n de possibilitats i recursos per formar-nos, gaudir, cr\u00e9ixer i aprendre en els diferents equipaments juvenils de la ciutat durant l&#8217;estiu i tamb\u00e9 durant el&hellip;  <a href=\"https:\/\/agora.xtec.cat\/instarragona\/general\/visitem-el-kesse-amb-laa\/\" title=\"Read Visitem el Kesse amb l&#8217;AA\">Llegeix m\u00e9s\u00bb<\/a><\/p>\n","protected":false},"author":1,"featured_media":6380,"comment_status":"open","ping_status":"open","sticky":false,"template":"","format":"standard","meta":{"_bbp_topic_count":0,"_bbp_reply_count":0,"_bbp_total_topic_count":0,"_bbp_total_reply_count":0,"_bbp_voice_count":0,"_bbp_anonymous_reply_count":0,"_bbp_topic_count_hidden":0,"_bbp_reply_count_hidden":0,"_bbp_forum_subforum_count":0,"footnotes":""},"categories":[1,29],"tags":[128],"class_list":["post-6378","post","type-post","status-publish","format-standard","has-post-thumbnail","hentry","category-general","category-portada","tag-aula-acollida"],"post_mailing_queue_ids":[],"_links":{"self":[{"href":"https:\/\/agora.xtec.cat\/instarragona\/wp-json\/wp\/v2\/posts\/6378","targetHints":{"allow":["GET"]}}],"collection":[{"href":"https:\/\/agora.xtec.cat\/instarragona\/wp-json\/wp\/v2\/posts"}],"about":[{"href":"https:\/\/agora.xtec.cat\/instarragona\/wp-json\/wp\/v2\/types\/post"}],"author":[{"embeddable":true,"href":"https:\/\/agora.xtec.cat\/instarragona\/wp-json\/wp\/v2\/users\/1"}],"replies":[{"embeddable":true,"href":"https:\/\/agora.xtec.cat\/instarragona\/wp-json\/wp\/v2\/comments?post=6378"}],"version-history":[{"count":1,"href":"https:\/\/agora.xtec.cat\/instarragona\/wp-json\/wp\/v2\/posts\/6378\/revisions"}],"predecessor-version":[{"id":6381,"href":"https:\/\/agora.xtec.cat\/instarragona\/wp-json\/wp\/v2\/posts\/6378\/revisions\/6381"}],"wp:featuredmedia":[{"embeddable":true,"href":"https:\/\/agora.xtec.cat\/instarragona\/wp-json\/wp\/v2\/media\/6380"}],"wp:attachment":[{"href":"https:\/\/agora.xtec.cat\/instarragona\/wp-json\/wp\/v2\/media?parent=6378"}],"wp:term":[{"taxonomy":"category","embeddable":true,"href":"https:\/\/agora.xtec.cat\/instarragona\/wp-json\/wp\/v2\/categories?post=6378"},{"taxonomy":"post_tag","embeddable":true,"href":"https:\/\/agora.xtec.cat\/instarragona\/wp-json\/wp\/v2\/tags?post=6378"}],"curies":[{"name":"wp","href":"https:\/\/api.w.org\/{rel}","templated":true}]}}