{"id":6364,"date":"2025-06-06T09:06:15","date_gmt":"2025-06-06T07:06:15","guid":{"rendered":"https:\/\/agora.xtec.cat\/instarragona\/?p=6364"},"modified":"2025-06-06T09:23:14","modified_gmt":"2025-06-06T07:23:14","slug":"ens-visita-mertixell-blai","status":"publish","type":"post","link":"https:\/\/agora.xtec.cat\/instarragona\/eso\/eso-4\/ens-visita-mertixell-blai\/","title":{"rendered":"Ens visita Meritxell Blai"},"content":{"rendered":"<p>Ens ha visitat la Meritxell Blay, escritora de l&#8217;Odissea, llibre que els nostres alumnes de llat\u00ed han treballat, i molt, a classe. Ha quedat encantada amb el nostre alumnat i amb el <a href=\"https:\/\/agora.xtec.cat\/instarragona\/eso\/eso-4\/lectura-dramatitzada-de-lodissea\/\" target=\"_blank\" rel=\"noopener\"><strong>projecte RadioNovel\u00b7la.<\/strong><\/a><\/p>\n<p>&#8220;He viatjat a terres desconegudes, he arribat fins a la fi del m\u00f3n, he baixat a l\u2019Hades, d\u2019on cap home vivent no ha tornat mai, he vist criatures meravelloses, monstres salvatges, can\u00edbals, gegants, \u00e9ssers inimaginables. I ho he perdut tot.\u00a0 Deixeu-me que us expliqui com he arribat fins aqu\u00ed, despr\u00e9s de tant de temps perdut per la mar. Vull comen\u00e7ar dient el meu nom: s\u00f3c Ulisses, fill de Laertes, de l\u2019illa d\u2019\u00cdtaca. I aquesta \u00e9s la meva hist\u00f2ria.&#8221;<\/p>\n<p style=\"text-align: center;\"><img loading=\"lazy\" decoding=\"async\" class=\"aligncenter wp-image-6365\" src=\"https:\/\/agora.xtec.cat\/instarragona\/wp-content\/uploads\/usu484\/2025\/06\/1749048618323.jpg\" alt=\"\" width=\"459\" height=\"816\" srcset=\"https:\/\/agora.xtec.cat\/instarragona\/wp-content\/uploads\/usu484\/2025\/06\/1749048618323.jpg 1126w, https:\/\/agora.xtec.cat\/instarragona\/wp-content\/uploads\/usu484\/2025\/06\/1749048618323-169x300.jpg 169w, https:\/\/agora.xtec.cat\/instarragona\/wp-content\/uploads\/usu484\/2025\/06\/1749048618323-577x1024.jpg 577w, https:\/\/agora.xtec.cat\/instarragona\/wp-content\/uploads\/usu484\/2025\/06\/1749048618323-768x1364.jpg 768w, https:\/\/agora.xtec.cat\/instarragona\/wp-content\/uploads\/usu484\/2025\/06\/1749048618323-865x1536.jpg 865w\" sizes=\"auto, (max-width: 459px) 100vw, 459px\" \/><\/p>\n<p>&nbsp;<\/p>\n<p style=\"text-align: center;\"><img loading=\"lazy\" decoding=\"async\" class=\"aligncenter wp-image-6366\" src=\"https:\/\/agora.xtec.cat\/instarragona\/wp-content\/uploads\/usu484\/2025\/06\/1749048618340.jpg\" alt=\"\" width=\"785\" height=\"442\" srcset=\"https:\/\/agora.xtec.cat\/instarragona\/wp-content\/uploads\/usu484\/2025\/06\/1749048618340.jpg 2000w, https:\/\/agora.xtec.cat\/instarragona\/wp-content\/uploads\/usu484\/2025\/06\/1749048618340-300x169.jpg 300w, https:\/\/agora.xtec.cat\/instarragona\/wp-content\/uploads\/usu484\/2025\/06\/1749048618340-1024x577.jpg 1024w, https:\/\/agora.xtec.cat\/instarragona\/wp-content\/uploads\/usu484\/2025\/06\/1749048618340-768x432.jpg 768w, https:\/\/agora.xtec.cat\/instarragona\/wp-content\/uploads\/usu484\/2025\/06\/1749048618340-1536x865.jpg 1536w\" sizes=\"auto, (max-width: 785px) 100vw, 785px\" \/><\/p>\n<p>&nbsp;<\/p>\n","protected":false},"excerpt":{"rendered":"<p>Ens ha visitat la Meritxell Blay, escritora de l&#8217;Odissea, llibre que els nostres alumnes de llat\u00ed han treballat, i molt, a classe. Ha quedat encantada amb el nostre alumnat i amb el <a href=\"https:\/\/agora.xtec.cat\/instarragona\/eso\/eso-4\/lectura-dramatitzada-de-lodissea\/\" target=\"_blank\" rel=\"noopener\">projecte RadioNovel\u00b7la.<\/a><br \/>\n&#8220;He viatjat a terres desconegudes, he arribat fins a&hellip;  <a href=\"https:\/\/agora.xtec.cat\/instarragona\/eso\/eso-4\/ens-visita-mertixell-blai\/\" title=\"Read Ens visita Meritxell Blai\">Llegeix m\u00e9s\u00bb<\/a><\/p>\n","protected":false},"author":1,"featured_media":6365,"comment_status":"open","ping_status":"open","sticky":false,"template":"","format":"standard","meta":{"_bbp_topic_count":0,"_bbp_reply_count":0,"_bbp_total_topic_count":0,"_bbp_total_reply_count":0,"_bbp_voice_count":0,"_bbp_anonymous_reply_count":0,"_bbp_topic_count_hidden":0,"_bbp_reply_count_hidden":0,"_bbp_forum_subforum_count":0,"footnotes":""},"categories":[7,29],"tags":[144],"class_list":["post-6364","post","type-post","status-publish","format-standard","has-post-thumbnail","hentry","category-eso-4","category-portada","tag-classiques"],"post_mailing_queue_ids":[],"_links":{"self":[{"href":"https:\/\/agora.xtec.cat\/instarragona\/wp-json\/wp\/v2\/posts\/6364","targetHints":{"allow":["GET"]}}],"collection":[{"href":"https:\/\/agora.xtec.cat\/instarragona\/wp-json\/wp\/v2\/posts"}],"about":[{"href":"https:\/\/agora.xtec.cat\/instarragona\/wp-json\/wp\/v2\/types\/post"}],"author":[{"embeddable":true,"href":"https:\/\/agora.xtec.cat\/instarragona\/wp-json\/wp\/v2\/users\/1"}],"replies":[{"embeddable":true,"href":"https:\/\/agora.xtec.cat\/instarragona\/wp-json\/wp\/v2\/comments?post=6364"}],"version-history":[{"count":3,"href":"https:\/\/agora.xtec.cat\/instarragona\/wp-json\/wp\/v2\/posts\/6364\/revisions"}],"predecessor-version":[{"id":6369,"href":"https:\/\/agora.xtec.cat\/instarragona\/wp-json\/wp\/v2\/posts\/6364\/revisions\/6369"}],"wp:featuredmedia":[{"embeddable":true,"href":"https:\/\/agora.xtec.cat\/instarragona\/wp-json\/wp\/v2\/media\/6365"}],"wp:attachment":[{"href":"https:\/\/agora.xtec.cat\/instarragona\/wp-json\/wp\/v2\/media?parent=6364"}],"wp:term":[{"taxonomy":"category","embeddable":true,"href":"https:\/\/agora.xtec.cat\/instarragona\/wp-json\/wp\/v2\/categories?post=6364"},{"taxonomy":"post_tag","embeddable":true,"href":"https:\/\/agora.xtec.cat\/instarragona\/wp-json\/wp\/v2\/tags?post=6364"}],"curies":[{"name":"wp","href":"https:\/\/api.w.org\/{rel}","templated":true}]}}