{"id":6338,"date":"2025-05-30T11:45:19","date_gmt":"2025-05-30T09:45:19","guid":{"rendered":"https:\/\/agora.xtec.cat\/instarragona\/?p=6338"},"modified":"2025-05-30T11:48:02","modified_gmt":"2025-05-30T09:48:02","slug":"super-video-cientific","status":"publish","type":"post","link":"https:\/\/agora.xtec.cat\/instarragona\/eso\/eso-1\/super-video-cientific\/","title":{"rendered":"S\u00faper v\u00eddeo cient\u00edfic!"},"content":{"rendered":"<p style=\"text-align: left;\"><img loading=\"lazy\" decoding=\"async\" class=\"an1\" draggable=\"false\" src=\"https:\/\/fonts.gstatic.com\/s\/e\/notoemoji\/16.0\/1f389\/72.png\" alt=\"\ud83c\udf89\" width=\"26\" height=\"26\" data-emoji=\"\ud83c\udf89\" aria-label=\"\ud83c\udf89\" \/>\u00a0<strong>Menci\u00f3 especial al concurs X(p)rimenta 2025!<\/strong>\u00a0<img loading=\"lazy\" decoding=\"async\" class=\"an1\" draggable=\"false\" src=\"https:\/\/fonts.gstatic.com\/s\/e\/notoemoji\/16.0\/1f3ac\/72.png\" alt=\"\ud83c\udfac\" width=\"27\" height=\"27\" data-emoji=\"\ud83c\udfac\" aria-label=\"\ud83c\udfac\" \/><img loading=\"lazy\" decoding=\"async\" class=\"an1\" draggable=\"false\" src=\"https:\/\/fonts.gstatic.com\/s\/e\/notoemoji\/16.0\/1f52c\/72.png\" alt=\"\ud83d\udd2c\" width=\"20\" height=\"20\" data-emoji=\"\ud83d\udd2c\" aria-label=\"\ud83d\udd2c\" \/><\/p>\n<p>Estem molt contents d&#8217;anunciar que en Biel Conesa, David Cabr\u00e9, Martina Aguilar, Joana Balsells i Naia Egea de 1r d\u2019ESO han rebut una menci\u00f3 especial al Concurs escolar de v\u00eddeos cient\u00edfics en catal\u00e0 X(p)rimenta 2025. L&#8217;acte de lliurament de premis s&#8217;ha celebrat aquest dijous 29 de maig a l\u2019Escola d\u2019Enginyeria de Barcelona Est (EEBE), al Campus Diagonal-Bes\u00f2s de la UPC. Posteriorment han pogut gaudir d&#8217;un dels premis: visita al Museu de Ci\u00e8ncies Naturals de Barcelona.<\/p>\n<p style=\"text-align: center;\">Des de l&#8217;Institut Tarragona els volem felicitar pel seu reconeixement i per la seva fant\u00e0stica tasca divulgadora! Molt agra\u00efts tamb\u00e9 al professorat que ho ha fet possible.<\/p>\n<p style=\"text-align: center;\"><iframe loading=\"lazy\" title=\"YouTube video player\" src=\"https:\/\/www.youtube.com\/embed\/Tl9a3qjtXD8?si=x8jb9_ip1JCRlszH\" width=\"560\" height=\"315\" frameborder=\"0\" allowfullscreen=\"allowfullscreen\"><\/iframe><\/p>\n<p><img loading=\"lazy\" decoding=\"async\" class=\"aligncenter size-full wp-image-6349\" src=\"https:\/\/agora.xtec.cat\/instarragona\/wp-content\/uploads\/usu484\/2025\/05\/Captura-de-pantalla-2025-05-30-114727.png\" alt=\"\" width=\"693\" height=\"514\" srcset=\"https:\/\/agora.xtec.cat\/instarragona\/wp-content\/uploads\/usu484\/2025\/05\/Captura-de-pantalla-2025-05-30-114727.png 693w, https:\/\/agora.xtec.cat\/instarragona\/wp-content\/uploads\/usu484\/2025\/05\/Captura-de-pantalla-2025-05-30-114727-300x223.png 300w\" sizes=\"auto, (max-width: 693px) 100vw, 693px\" \/><\/p>\n","protected":false},"excerpt":{"rendered":"<p>\u00a0Menci\u00f3 especial al concurs X(p)rimenta 2025!\u00a0<br \/>\nEstem molt contents d&#8217;anunciar que en Biel Conesa, David Cabr\u00e9, Martina Aguilar, Joana Balsells i Naia Egea de 1r d\u2019ESO han rebut una menci\u00f3 especial al Concurs escolar de v\u00eddeos cient\u00edfics en catal\u00e0 X(p)rimenta 2025. L&#8217;acte de lliurament de premis&hellip;  <a href=\"https:\/\/agora.xtec.cat\/instarragona\/eso\/eso-1\/super-video-cientific\/\" title=\"Read S\u00faper v\u00eddeo cient\u00edfic!\">Llegeix m\u00e9s\u00bb<\/a><\/p>\n","protected":false},"author":1,"featured_media":6344,"comment_status":"open","ping_status":"closed","sticky":false,"template":"","format":"standard","meta":{"_bbp_topic_count":0,"_bbp_reply_count":0,"_bbp_total_topic_count":0,"_bbp_total_reply_count":0,"_bbp_voice_count":0,"_bbp_anonymous_reply_count":0,"_bbp_topic_count_hidden":0,"_bbp_reply_count_hidden":0,"_bbp_forum_subforum_count":0,"footnotes":""},"categories":[4,29],"tags":[116,104],"class_list":["post-6338","post","type-post","status-publish","format-standard","has-post-thumbnail","hentry","category-eso-1","category-portada","tag-ciencies","tag-concursos"],"post_mailing_queue_ids":[],"_links":{"self":[{"href":"https:\/\/agora.xtec.cat\/instarragona\/wp-json\/wp\/v2\/posts\/6338","targetHints":{"allow":["GET"]}}],"collection":[{"href":"https:\/\/agora.xtec.cat\/instarragona\/wp-json\/wp\/v2\/posts"}],"about":[{"href":"https:\/\/agora.xtec.cat\/instarragona\/wp-json\/wp\/v2\/types\/post"}],"author":[{"embeddable":true,"href":"https:\/\/agora.xtec.cat\/instarragona\/wp-json\/wp\/v2\/users\/1"}],"replies":[{"embeddable":true,"href":"https:\/\/agora.xtec.cat\/instarragona\/wp-json\/wp\/v2\/comments?post=6338"}],"version-history":[{"count":6,"href":"https:\/\/agora.xtec.cat\/instarragona\/wp-json\/wp\/v2\/posts\/6338\/revisions"}],"predecessor-version":[{"id":6350,"href":"https:\/\/agora.xtec.cat\/instarragona\/wp-json\/wp\/v2\/posts\/6338\/revisions\/6350"}],"wp:featuredmedia":[{"embeddable":true,"href":"https:\/\/agora.xtec.cat\/instarragona\/wp-json\/wp\/v2\/media\/6344"}],"wp:attachment":[{"href":"https:\/\/agora.xtec.cat\/instarragona\/wp-json\/wp\/v2\/media?parent=6338"}],"wp:term":[{"taxonomy":"category","embeddable":true,"href":"https:\/\/agora.xtec.cat\/instarragona\/wp-json\/wp\/v2\/categories?post=6338"},{"taxonomy":"post_tag","embeddable":true,"href":"https:\/\/agora.xtec.cat\/instarragona\/wp-json\/wp\/v2\/tags?post=6338"}],"curies":[{"name":"wp","href":"https:\/\/api.w.org\/{rel}","templated":true}]}}