{"id":6334,"date":"2025-05-28T11:57:58","date_gmt":"2025-05-28T09:57:58","guid":{"rendered":"https:\/\/agora.xtec.cat\/instarragona\/?p=6334"},"modified":"2025-05-28T11:57:58","modified_gmt":"2025-05-28T09:57:58","slug":"sortim-a-escena-al-liceu","status":"publish","type":"post","link":"https:\/\/agora.xtec.cat\/instarragona\/eso\/eso-3\/sortim-a-escena-al-liceu\/","title":{"rendered":"Sortim a escena al Liceu!"},"content":{"rendered":"<div>Al Liceu hem viscut un d\u2019aquells moments que no s\u2019obliden. Les nostres alumnes han pujat a l\u2019escenari i ho han donat tot. Han cantat, han actuat, i sobretot\u2026 han emocionat. <a href=\"https:\/\/www.liceubarcelona.cat\/sites\/default\/files\/2025-05\/prog%20monstre_24-25.pdf\" target=\"_blank\" rel=\"noopener\"><strong>&#8220;El Monstre del laberint&#8221;<\/strong><\/a> ha sortit a l&#8217;escenari i ha estat MONSTRU\u00d3S del tot! WOW!<\/div>\n<div dir=\"auto\"><\/div>\n<div dir=\"auto\">Darrere d\u2019aquesta estona hi ha molt d\u2019esfor\u00e7: assajos a l\u2019hora del pati, viatges llargs, matinades, nervis, cansament\u2026 Per\u00f2 tamb\u00e9 moltes ganes, comprom\u00eds i il\u00b7lusi\u00f3.<\/div>\n<div dir=\"auto\"><\/div>\n<div dir=\"auto\">L\u2019equip t\u00e8cnic n\u2019ha fet molt bona valoraci\u00f3, per\u00f2 nosaltres ja sab\u00edem que serien capaces de fer m\u00e0gia.<\/div>\n<div dir=\"auto\"><\/div>\n<h6 dir=\"auto\"><strong>BRAVAS\u00a0<\/strong><img loading=\"lazy\" decoding=\"async\" class=\"an1\" draggable=\"false\" src=\"https:\/\/fonts.gstatic.com\/s\/e\/notoemoji\/16.0\/1f44f_1f3fb\/72.png\" alt=\"\ud83d\udc4f\ud83c\udffb\" width=\"21\" height=\"21\" data-emoji=\"\ud83d\udc4f\ud83c\udffb\" aria-label=\"\ud83d\udc4f\ud83c\udffb\" \/><img loading=\"lazy\" decoding=\"async\" class=\"an1\" draggable=\"false\" src=\"https:\/\/fonts.gstatic.com\/s\/e\/notoemoji\/16.0\/1f44f_1f3fb\/72.png\" alt=\"\ud83d\udc4f\ud83c\udffb\" width=\"21\" height=\"21\" data-emoji=\"\ud83d\udc4f\ud83c\udffb\" aria-label=\"\ud83d\udc4f\ud83c\udffb\" \/><img loading=\"lazy\" decoding=\"async\" class=\"an1\" draggable=\"false\" src=\"https:\/\/fonts.gstatic.com\/s\/e\/notoemoji\/16.0\/1f44f_1f3fb\/72.png\" alt=\"\ud83d\udc4f\ud83c\udffb\" width=\"21\" height=\"21\" data-emoji=\"\ud83d\udc4f\ud83c\udffb\" aria-label=\"\ud83d\udc4f\ud83c\udffb\" \/>!!<\/h6>\n<p style=\"text-align: center;\"><img loading=\"lazy\" decoding=\"async\" class=\"aligncenter size-full wp-image-6335\" src=\"https:\/\/agora.xtec.cat\/instarragona\/wp-content\/uploads\/usu484\/2025\/05\/2-9.png\" alt=\"\" width=\"1283\" height=\"534\" srcset=\"https:\/\/agora.xtec.cat\/instarragona\/wp-content\/uploads\/usu484\/2025\/05\/2-9.png 1283w, https:\/\/agora.xtec.cat\/instarragona\/wp-content\/uploads\/usu484\/2025\/05\/2-9-300x125.png 300w, https:\/\/agora.xtec.cat\/instarragona\/wp-content\/uploads\/usu484\/2025\/05\/2-9-1024x426.png 1024w, https:\/\/agora.xtec.cat\/instarragona\/wp-content\/uploads\/usu484\/2025\/05\/2-9-768x320.png 768w\" sizes=\"auto, (max-width: 1283px) 100vw, 1283px\" \/><\/p>\n<p style=\"text-align: center;\"><img loading=\"lazy\" decoding=\"async\" class=\"aligncenter size-full wp-image-6336\" src=\"https:\/\/agora.xtec.cat\/instarragona\/wp-content\/uploads\/usu484\/2025\/05\/Captura-1.png\" alt=\"\" width=\"1494\" height=\"678\" srcset=\"https:\/\/agora.xtec.cat\/instarragona\/wp-content\/uploads\/usu484\/2025\/05\/Captura-1.png 1494w, https:\/\/agora.xtec.cat\/instarragona\/wp-content\/uploads\/usu484\/2025\/05\/Captura-1-300x136.png 300w, https:\/\/agora.xtec.cat\/instarragona\/wp-content\/uploads\/usu484\/2025\/05\/Captura-1-1024x465.png 1024w, https:\/\/agora.xtec.cat\/instarragona\/wp-content\/uploads\/usu484\/2025\/05\/Captura-1-768x349.png 768w\" sizes=\"auto, (max-width: 1494px) 100vw, 1494px\" \/><\/p>\n","protected":false},"excerpt":{"rendered":"<p>Al Liceu hem viscut un d\u2019aquells moments que no s\u2019obliden. Les nostres alumnes han pujat a l\u2019escenari i ho han donat tot. Han cantat, han actuat, i sobretot\u2026 han emocionat. <a href=\"https:\/\/www.liceubarcelona.cat\/sites\/default\/files\/2025-05\/prog%20monstre_24-25.pdf\" target=\"_blank\" rel=\"noopener\">&#8220;El Monstre del laberint&#8221;<\/a> ha sortit a l&#8217;escenari i ha estat MONSTRU\u00d3S&hellip;  <a href=\"https:\/\/agora.xtec.cat\/instarragona\/eso\/eso-3\/sortim-a-escena-al-liceu\/\" title=\"Read Sortim a escena al Liceu!\">Llegeix m\u00e9s\u00bb<\/a><\/p>\n","protected":false},"author":1,"featured_media":6335,"comment_status":"open","ping_status":"closed","sticky":false,"template":"","format":"standard","meta":{"_bbp_topic_count":0,"_bbp_reply_count":0,"_bbp_total_topic_count":0,"_bbp_total_reply_count":0,"_bbp_voice_count":0,"_bbp_anonymous_reply_count":0,"_bbp_topic_count_hidden":0,"_bbp_reply_count_hidden":0,"_bbp_forum_subforum_count":0,"footnotes":""},"categories":[6,29],"tags":[111,58],"class_list":["post-6334","post","type-post","status-publish","format-standard","has-post-thumbnail","hentry","category-eso-3","category-portada","tag-musica","tag-tallers"],"post_mailing_queue_ids":[],"_links":{"self":[{"href":"https:\/\/agora.xtec.cat\/instarragona\/wp-json\/wp\/v2\/posts\/6334","targetHints":{"allow":["GET"]}}],"collection":[{"href":"https:\/\/agora.xtec.cat\/instarragona\/wp-json\/wp\/v2\/posts"}],"about":[{"href":"https:\/\/agora.xtec.cat\/instarragona\/wp-json\/wp\/v2\/types\/post"}],"author":[{"embeddable":true,"href":"https:\/\/agora.xtec.cat\/instarragona\/wp-json\/wp\/v2\/users\/1"}],"replies":[{"embeddable":true,"href":"https:\/\/agora.xtec.cat\/instarragona\/wp-json\/wp\/v2\/comments?post=6334"}],"version-history":[{"count":1,"href":"https:\/\/agora.xtec.cat\/instarragona\/wp-json\/wp\/v2\/posts\/6334\/revisions"}],"predecessor-version":[{"id":6337,"href":"https:\/\/agora.xtec.cat\/instarragona\/wp-json\/wp\/v2\/posts\/6334\/revisions\/6337"}],"wp:featuredmedia":[{"embeddable":true,"href":"https:\/\/agora.xtec.cat\/instarragona\/wp-json\/wp\/v2\/media\/6335"}],"wp:attachment":[{"href":"https:\/\/agora.xtec.cat\/instarragona\/wp-json\/wp\/v2\/media?parent=6334"}],"wp:term":[{"taxonomy":"category","embeddable":true,"href":"https:\/\/agora.xtec.cat\/instarragona\/wp-json\/wp\/v2\/categories?post=6334"},{"taxonomy":"post_tag","embeddable":true,"href":"https:\/\/agora.xtec.cat\/instarragona\/wp-json\/wp\/v2\/tags?post=6334"}],"curies":[{"name":"wp","href":"https:\/\/api.w.org\/{rel}","templated":true}]}}