{"id":6292,"date":"2025-05-28T10:31:15","date_gmt":"2025-05-28T08:31:15","guid":{"rendered":"https:\/\/agora.xtec.cat\/instarragona\/?p=6292"},"modified":"2025-06-06T09:52:49","modified_gmt":"2025-06-06T07:52:49","slug":"erasmus-a-dusseldorf-a-3r-eso","status":"publish","type":"post","link":"https:\/\/agora.xtec.cat\/instarragona\/eso\/eso-3\/erasmus-a-dusseldorf-a-3r-eso\/","title":{"rendered":"Erasmus+ a D\u00fcsseldorf amb 3r d&#8217;ESO"},"content":{"rendered":"<p>Amb l&#8217;alumnat de 3r d&#8217;ESO hem anat a D\u00fcsseldorf per participar en el projecte &#8220;Empowering wellbeing&#8221; d&#8217;Erasmus+. Ha estat l&#8217;\u00faltima mobilitat del curs relacionada amb aquest projecte.<\/p>\n<p>Les activitats esportives han estat totalment les protagonistes: caiac, escalada, jocs tradicionals, joc inventats pels alumnes&#8230;. Tot i aix\u00ed no ens hem oblidat del benestar mental, a trav\u00e9s del massatge tailand\u00e8s i meditaci\u00f3.<\/p>\n<p>Gr\u00e0cies a la Comunitat Europea es poden fer possibles experi\u00e8ncies com aquesta, un privilegi que ens cal valorar i aprofitar.<\/p>\n<p>Aqu\u00ed teniu les <a href=\"https:\/\/drive.google.com\/drive\/folders\/1BVSo8e0_gVKP8IPdH5abL87v8tdlLoB-?usp=sharing\" target=\"_blank\" rel=\"noopener\"><strong>imatges<\/strong> <\/a>de la mobilitat.<\/p>\n<table style=\"border-collapse: collapse; width: 100%; height: 64px;\">\n<tbody>\n<tr style=\"height: 32px;\">\n<td style=\"width: 50%; text-align: center; height: 32px;\"><img loading=\"lazy\" decoding=\"async\" class=\"aligncenter size-full wp-image-6307\" src=\"https:\/\/agora.xtec.cat\/instarragona\/wp-content\/uploads\/usu484\/2025\/05\/1748419933521.jpg\" alt=\"\" width=\"2048\" height=\"2048\" srcset=\"https:\/\/agora.xtec.cat\/instarragona\/wp-content\/uploads\/usu484\/2025\/05\/1748419933521.jpg 2048w, https:\/\/agora.xtec.cat\/instarragona\/wp-content\/uploads\/usu484\/2025\/05\/1748419933521-300x300.jpg 300w, https:\/\/agora.xtec.cat\/instarragona\/wp-content\/uploads\/usu484\/2025\/05\/1748419933521-1024x1024.jpg 1024w, https:\/\/agora.xtec.cat\/instarragona\/wp-content\/uploads\/usu484\/2025\/05\/1748419933521-150x150.jpg 150w, https:\/\/agora.xtec.cat\/instarragona\/wp-content\/uploads\/usu484\/2025\/05\/1748419933521-768x768.jpg 768w, https:\/\/agora.xtec.cat\/instarragona\/wp-content\/uploads\/usu484\/2025\/05\/1748419933521-1536x1536.jpg 1536w\" sizes=\"auto, (max-width: 2048px) 100vw, 2048px\" \/><\/td>\n<td style=\"width: 50%; text-align: center; height: 32px;\"><img loading=\"lazy\" decoding=\"async\" class=\"aligncenter size-full wp-image-6310\" src=\"https:\/\/agora.xtec.cat\/instarragona\/wp-content\/uploads\/usu484\/2025\/05\/2-5.png\" alt=\"\" width=\"676\" height=\"550\" srcset=\"https:\/\/agora.xtec.cat\/instarragona\/wp-content\/uploads\/usu484\/2025\/05\/2-5.png 676w, https:\/\/agora.xtec.cat\/instarragona\/wp-content\/uploads\/usu484\/2025\/05\/2-5-300x244.png 300w\" sizes=\"auto, (max-width: 676px) 100vw, 676px\" \/><\/td>\n<\/tr>\n<tr style=\"height: 32px;\">\n<td style=\"width: 50%; text-align: center; height: 32px;\"><img loading=\"lazy\" decoding=\"async\" class=\"aligncenter size-full wp-image-6308\" src=\"https:\/\/agora.xtec.cat\/instarragona\/wp-content\/uploads\/usu484\/2025\/05\/2-4.png\" alt=\"\" width=\"917\" height=\"685\" srcset=\"https:\/\/agora.xtec.cat\/instarragona\/wp-content\/uploads\/usu484\/2025\/05\/2-4.png 917w, https:\/\/agora.xtec.cat\/instarragona\/wp-content\/uploads\/usu484\/2025\/05\/2-4-300x224.png 300w, https:\/\/agora.xtec.cat\/instarragona\/wp-content\/uploads\/usu484\/2025\/05\/2-4-768x574.png 768w, https:\/\/agora.xtec.cat\/instarragona\/wp-content\/uploads\/usu484\/2025\/05\/2-4-200x150.png 200w\" sizes=\"auto, (max-width: 917px) 100vw, 917px\" \/><\/td>\n<td style=\"width: 50%; text-align: center; height: 32px;\"><img loading=\"lazy\" decoding=\"async\" class=\"aligncenter size-full wp-image-6309\" src=\"https:\/\/agora.xtec.cat\/instarragona\/wp-content\/uploads\/usu484\/2025\/05\/1-9.png\" alt=\"\" width=\"916\" height=\"639\" srcset=\"https:\/\/agora.xtec.cat\/instarragona\/wp-content\/uploads\/usu484\/2025\/05\/1-9.png 916w, https:\/\/agora.xtec.cat\/instarragona\/wp-content\/uploads\/usu484\/2025\/05\/1-9-300x209.png 300w, https:\/\/agora.xtec.cat\/instarragona\/wp-content\/uploads\/usu484\/2025\/05\/1-9-768x536.png 768w\" sizes=\"auto, (max-width: 916px) 100vw, 916px\" \/><\/td>\n<\/tr>\n<\/tbody>\n<\/table>\n<p style=\"text-align: center;\"><img loading=\"lazy\" decoding=\"async\" class=\"aligncenter size-full wp-image-5551\" src=\"https:\/\/agora.xtec.cat\/instarragona\/wp-content\/uploads\/usu484\/2024\/11\/images.png\" alt=\"\" width=\"420\" height=\"120\" srcset=\"https:\/\/agora.xtec.cat\/instarragona\/wp-content\/uploads\/usu484\/2024\/11\/images.png 420w, https:\/\/agora.xtec.cat\/instarragona\/wp-content\/uploads\/usu484\/2024\/11\/images-300x86.png 300w\" sizes=\"auto, (max-width: 420px) 100vw, 420px\" \/><\/p>\n","protected":false},"excerpt":{"rendered":"<p>Amb l&#8217;alumnat de 3r d&#8217;ESO hem anat a D\u00fcsseldorf per participar en el projecte &#8220;Empowering wellbeing&#8221; d&#8217;Erasmus+. Ha estat l&#8217;\u00faltima mobilitat del curs relacionada amb aquest projecte.<br \/>\nLes activitats esportives han estat totalment les protagonistes: caiac, escalada, jocs tradicionals, joc inventats pels alumnes&#8230;. Tot i aix\u00ed&hellip;  <a href=\"https:\/\/agora.xtec.cat\/instarragona\/eso\/eso-3\/erasmus-a-dusseldorf-a-3r-eso\/\" title=\"Read Erasmus+ a D\u00fcsseldorf amb 3r d&#8217;ESO\">Llegeix m\u00e9s\u00bb<\/a><\/p>\n","protected":false},"author":1,"featured_media":6311,"comment_status":"open","ping_status":"closed","sticky":false,"template":"","format":"standard","meta":{"_bbp_topic_count":0,"_bbp_reply_count":0,"_bbp_total_topic_count":0,"_bbp_total_reply_count":0,"_bbp_voice_count":0,"_bbp_anonymous_reply_count":0,"_bbp_topic_count_hidden":0,"_bbp_reply_count_hidden":0,"_bbp_forum_subforum_count":0,"footnotes":""},"categories":[6,29],"tags":[145,101,99],"class_list":["post-6292","post","type-post","status-publish","format-standard","has-post-thumbnail","hentry","category-eso-3","category-portada","tag-erasmus-acretitation","tag-erasmus","tag-projectes"],"post_mailing_queue_ids":[],"_links":{"self":[{"href":"https:\/\/agora.xtec.cat\/instarragona\/wp-json\/wp\/v2\/posts\/6292","targetHints":{"allow":["GET"]}}],"collection":[{"href":"https:\/\/agora.xtec.cat\/instarragona\/wp-json\/wp\/v2\/posts"}],"about":[{"href":"https:\/\/agora.xtec.cat\/instarragona\/wp-json\/wp\/v2\/types\/post"}],"author":[{"embeddable":true,"href":"https:\/\/agora.xtec.cat\/instarragona\/wp-json\/wp\/v2\/users\/1"}],"replies":[{"embeddable":true,"href":"https:\/\/agora.xtec.cat\/instarragona\/wp-json\/wp\/v2\/comments?post=6292"}],"version-history":[{"count":5,"href":"https:\/\/agora.xtec.cat\/instarragona\/wp-json\/wp\/v2\/posts\/6292\/revisions"}],"predecessor-version":[{"id":6372,"href":"https:\/\/agora.xtec.cat\/instarragona\/wp-json\/wp\/v2\/posts\/6292\/revisions\/6372"}],"wp:featuredmedia":[{"embeddable":true,"href":"https:\/\/agora.xtec.cat\/instarragona\/wp-json\/wp\/v2\/media\/6311"}],"wp:attachment":[{"href":"https:\/\/agora.xtec.cat\/instarragona\/wp-json\/wp\/v2\/media?parent=6292"}],"wp:term":[{"taxonomy":"category","embeddable":true,"href":"https:\/\/agora.xtec.cat\/instarragona\/wp-json\/wp\/v2\/categories?post=6292"},{"taxonomy":"post_tag","embeddable":true,"href":"https:\/\/agora.xtec.cat\/instarragona\/wp-json\/wp\/v2\/tags?post=6292"}],"curies":[{"name":"wp","href":"https:\/\/api.w.org\/{rel}","templated":true}]}}